{"id":1826,"date":"2023-01-04T17:44:44","date_gmt":"2023-01-04T16:44:44","guid":{"rendered":"https:\/\/blogs.hoy.es\/migas-canas\/?p=1826"},"modified":"2023-01-04T17:45:16","modified_gmt":"2023-01-04T16:45:16","slug":"1826","status":"publish","type":"post","link":"https:\/\/blogs.hoy.es\/migas-canas\/2023\/01\/04\/1826\/","title":{"rendered":"EL FUNCIONARIO"},"content":{"rendered":"<p><span style=\"font-weight: 400;\"><a href=\"https:\/\/static-blogs.hoy.es\/wp-content\/uploads\/sites\/8\/2022\/05\/DSC02177.jpg\"><img loading=\"lazy\" class=\" wp-image-1767 aligncenter\" src=\"https:\/\/static-blogs.hoy.es\/wp-content\/uploads\/sites\/8\/2022\/05\/DSC02177-300x200.jpg\" alt=\"\" width=\"728\" height=\"485\" srcset=\"https:\/\/static-blogs.hoy.es\/wp-content\/uploads\/sites\/8\/2022\/05\/DSC02177-300x200.jpg 300w, https:\/\/static-blogs.hoy.es\/wp-content\/uploads\/sites\/8\/2022\/05\/DSC02177.jpg 375w\" sizes=\"(max-width: 728px) 100vw, 728px\" \/><\/a><\/span><\/p>\n<p><span style=\"font-weight: 400;\">Se llama Juan aunque\u00a0 lo llamar\u00e9\u00a0 Gutierrez en este cuento que si no es ver\u00eddico se aproxima a la realidad. Un martes de enero, a poco de cumplir los 63 se levant\u00f3 m\u00e1s tarde que otros d\u00edas, era la primera vez que se dorm\u00eda en toda su vida laboral. Pens\u00f3 que estaba envejeciendo, que ya no era el de antes, que cada vez le costaba m\u00e1s ponerse en funcionamiento para asumir el trabajo que hab\u00eda desarrollado en los \u00faltimos a\u00f1os. Ten\u00eda dos hijos pr\u00f3ximos a los 30. Ellos se quedan en casa\u00a0 estudiando\u00a0 oposiciones. Los dos hab\u00edan estudiado una carrera, algunas veces los llamaban para trabajar los fines de semana en un bar de copas.\u00a0<\/span><\/p>\n<p><span style=\"font-weight: 400;\">Todas las ma\u00f1anas padres mayores salen para enfrentarse a una jornada laboral atendiendo la cada vez m\u00e1s exigente burocracia, mientras hijos j\u00f3venes se quedan en la cama. <\/span><\/p>\n<p><span style=\"font-weight: 400;\">\u00a0<a href=\"https:\/\/static-blogs.hoy.es\/wp-content\/uploads\/sites\/8\/2019\/03\/DSC09308-2.jpg\"><img loading=\"lazy\" class=\" wp-image-1396 aligncenter\" src=\"https:\/\/static-blogs.hoy.es\/wp-content\/uploads\/sites\/8\/2019\/03\/DSC09308-2-300x189.jpg\" alt=\"\" width=\"645\" height=\"406\" srcset=\"https:\/\/static-blogs.hoy.es\/wp-content\/uploads\/sites\/8\/2019\/03\/DSC09308-2-300x189.jpg 300w, https:\/\/static-blogs.hoy.es\/wp-content\/uploads\/sites\/8\/2019\/03\/DSC09308-2.jpg 664w\" sizes=\"(max-width: 645px) 100vw, 645px\" \/><\/a><\/span><\/p>\n<p><span style=\"font-weight: 400;\">Gutierrez lleva en el mismo ministerio 40 a\u00f1os. Empez\u00f3 con un l\u00e1piz y una goma, ahora todo pasa por un programa inform\u00e1tico al que han tenido que acoplarse con la misma dificultad y casi la misma formaci\u00f3n que lo han hecho los pensionistas a los cajeros de los bancos. El p\u00fablico tambi\u00e9n ha cambiado, antes eran agradecidos, ahora llegan usuarios enfadados porque no le cogen el tel\u00e9fono o porque\u00a0 es imposible seguir los pasos\u00a0 del programa inform\u00e1tico. Algunos les insultan. Los funcionarios son la cara visible de la administraci\u00f3n, los que est\u00e1n en las trincheras. Los usuarios no se dan cuenta que donde antes hab\u00eda tres trabajadores ahora hay uno.<\/span><\/p>\n<p><span style=\"font-weight: 400;\"> <a href=\"https:\/\/static-blogs.hoy.es\/wp-content\/uploads\/sites\/8\/2017\/05\/DSC04511-2.jpg\"><img loading=\"lazy\" class=\" wp-image-1118 aligncenter\" src=\"https:\/\/static-blogs.hoy.es\/wp-content\/uploads\/sites\/8\/2017\/05\/DSC04511-2-300x225.jpg\" alt=\"\" width=\"554\" height=\"416\" srcset=\"https:\/\/static-blogs.hoy.es\/wp-content\/uploads\/sites\/8\/2017\/05\/DSC04511-2-300x225.jpg 300w, https:\/\/static-blogs.hoy.es\/wp-content\/uploads\/sites\/8\/2017\/05\/DSC04511-2-768x576.jpg 768w, https:\/\/static-blogs.hoy.es\/wp-content\/uploads\/sites\/8\/2017\/05\/DSC04511-2.jpg 773w\" sizes=\"(max-width: 554px) 100vw, 554px\" \/><\/a><\/span><\/p>\n<p><span style=\"font-weight: 400;\">63 a\u00f1os, casi cuarenta cotizados y en lugar de pensar en la jubilaci\u00f3n est\u00e1 pensando en buscar\u00a0 trabajo por las tardes para afrontar la subida de la luz, de la gasolina\u2026 tambi\u00e9n porque\u00a0 no ha terminado de pagar la hipoteca del piso que compr\u00f3 cuando los hijos crecieron. Seg\u00fan dice el telediario cuando le toque la revisi\u00f3n le van a subir casi trescientos euros. trescientos euros que son un granito de arena para contribuir a que la banca junto con las el\u00e9ctricas sigan siendo las empresas que m\u00e1s beneficio obtiene en el a\u00f1o mientras \u00e9l no llega a final de mes. Trescientos euros para que se olvide de esa\u00a0 semana en agosto que iba a un hotel de la playa. Alguna vez so\u00f1\u00f3 con ser otro, entonces\u00a0 bajaba a la administraci\u00f3n de loter\u00eda y compraba un d\u00e9cimo que nunca toc\u00f3.<\/span><\/p>\n<p><span style=\"font-weight: 400;\">Trescientos euros de subida al mes en la hipoteca a dos a\u00f1os de su jubilaci\u00f3n. Seguro que ya nadie\u00a0 quiere contratarlo unas horas por la tarde.<\/span><\/p>\n<p><span style=\"font-weight: 400;\">Han elegido como palabra del a\u00f1o inteligencia artificial, incertidumbre tampoco estar\u00eda mal<\/span><\/p>\n<p>&nbsp;<\/p>\n<p>&nbsp;<\/p>\n<p>&nbsp;<\/p>\n<!-- AddThis Advanced Settings generic via filter on the_content --><!-- AddThis Share Buttons generic via filter on the_content -->","protected":false},"excerpt":{"rendered":"<p>Se llama Juan aunque\u00a0 lo llamar\u00e9\u00a0 Gutierrez en este cuento que si no es ver\u00eddico se aproxima a la realidad. Un martes de enero, a poco de cumplir los 63 se levant\u00f3 m\u00e1s tarde que otros d\u00edas, era la primera vez que se dorm\u00eda en toda su vida laboral. Pens\u00f3 que estaba envejeciendo, que ya [&hellip;]<!-- AddThis Advanced Settings generic via filter on get_the_excerpt --><!-- AddThis Share Buttons generic via filter on get_the_excerpt --><\/p>\n","protected":false},"author":10,"featured_media":1284,"comment_status":"open","ping_status":"closed","sticky":false,"template":"","format":"standard","meta":[],"categories":[2],"tags":[1643,1644,1525],"_links":{"self":[{"href":"https:\/\/blogs.hoy.es\/migas-canas\/wp-json\/wp\/v2\/posts\/1826"}],"collection":[{"href":"https:\/\/blogs.hoy.es\/migas-canas\/wp-json\/wp\/v2\/posts"}],"about":[{"href":"https:\/\/blogs.hoy.es\/migas-canas\/wp-json\/wp\/v2\/types\/post"}],"author":[{"embeddable":true,"href":"https:\/\/blogs.hoy.es\/migas-canas\/wp-json\/wp\/v2\/users\/10"}],"replies":[{"embeddable":true,"href":"https:\/\/blogs.hoy.es\/migas-canas\/wp-json\/wp\/v2\/comments?post=1826"}],"version-history":[{"count":2,"href":"https:\/\/blogs.hoy.es\/migas-canas\/wp-json\/wp\/v2\/posts\/1826\/revisions"}],"predecessor-version":[{"id":1828,"href":"https:\/\/blogs.hoy.es\/migas-canas\/wp-json\/wp\/v2\/posts\/1826\/revisions\/1828"}],"wp:featuredmedia":[{"embeddable":true,"href":"https:\/\/blogs.hoy.es\/migas-canas\/wp-json\/wp\/v2\/media\/1284"}],"wp:attachment":[{"href":"https:\/\/blogs.hoy.es\/migas-canas\/wp-json\/wp\/v2\/media?parent=1826"}],"wp:term":[{"taxonomy":"category","embeddable":true,"href":"https:\/\/blogs.hoy.es\/migas-canas\/wp-json\/wp\/v2\/categories?post=1826"},{"taxonomy":"post_tag","embeddable":true,"href":"https:\/\/blogs.hoy.es\/migas-canas\/wp-json\/wp\/v2\/tags?post=1826"}],"curies":[{"name":"wp","href":"https:\/\/api.w.org\/{rel}","templated":true}]}}