{"id":1831,"date":"2023-01-18T12:06:40","date_gmt":"2023-01-18T11:06:40","guid":{"rendered":"https:\/\/blogs.hoy.es\/migas-canas\/?p=1831"},"modified":"2023-01-18T12:10:21","modified_gmt":"2023-01-18T11:10:21","slug":"pepe-el-pescaero","status":"publish","type":"post","link":"https:\/\/blogs.hoy.es\/migas-canas\/2023\/01\/18\/pepe-el-pescaero\/","title":{"rendered":"PEPE &#8221; EL PESCAERO&#8221;"},"content":{"rendered":"<p>&nbsp;<\/p>\n<p><span style=\"font-weight: 400;\"><strong><a href=\"https:\/\/static-blogs.hoy.es\/wp-content\/uploads\/sites\/8\/2018\/01\/DSCN1682-3.jpg\"><img loading=\"lazy\" class=\" wp-image-1245 aligncenter\" src=\"https:\/\/static-blogs.hoy.es\/wp-content\/uploads\/sites\/8\/2018\/01\/DSCN1682-3-300x225.jpg\" alt=\"\" width=\"548\" height=\"411\" srcset=\"https:\/\/static-blogs.hoy.es\/wp-content\/uploads\/sites\/8\/2018\/01\/DSCN1682-3-300x225.jpg 300w, https:\/\/static-blogs.hoy.es\/wp-content\/uploads\/sites\/8\/2018\/01\/DSCN1682-3-768x576.jpg 768w, https:\/\/static-blogs.hoy.es\/wp-content\/uploads\/sites\/8\/2018\/01\/DSCN1682-3-1024x768.jpg 1024w, https:\/\/static-blogs.hoy.es\/wp-content\/uploads\/sites\/8\/2018\/01\/DSCN1682-3.jpg 1078w\" sizes=\"(max-width: 548px) 100vw, 548px\" \/><\/a><\/strong><\/span><\/p>\n<p><span style=\"font-weight: 400;\"><strong>C<\/strong>uando veo en el peri\u00f3dico el art\u00edculo de\u00a0 Pl\u00e1cido Ram\u00edrez me pongo a escribir porque el siguiente soy yo. Aquel d\u00eda tambi\u00e9n publicaba ese gran columnista que es Juan Francisco Caro y entre columna y columna \u00a0 un reportaje sobre el cierre por\u00a0 jubilaci\u00f3n de la pescader\u00eda Pepe en la calle La Maya. Me impact\u00f3\u00a0 leer que Pepe\u00a0 tiene 70 a\u00f1os. Que r\u00e1pido ha pasado el tiempo. A Pepe lo conozco porque fue mi primer entrenador de f\u00fatbol. En aquellos a\u00f1os los ni\u00f1os\u00a0 jug\u00e1bamos al f\u00fatbol en un llano de tierra que hoy es un parque frecuentado por pensionistas, las porter\u00edas eran dos ladrillos. Aprendimos a jugar\u00a0 entre hierros y cemento en un terreno que hac\u00eda cuesta regateando al rival y a los escombros de las obras con un bal\u00f3n de curtis. El llano, que era como lo conoc\u00edamos, estaba\u00a0 frente a la iglesia San Juan de Rivera y el cine Autopista donde pon\u00edan pel\u00edculas del Oeste, de Manolo Escobar y Dr\u00e1cula. Con los muchachos del barrio y alguno de otros barrio Pepe organiz\u00f3 un equipo\u00a0 que se llam\u00f3 Racing. Pepe era el entrenador y el pescadero conocido por todos como Pepe el pescaero. Nosotros \u00e9ramos unos adolescentes que todas las tardes jug\u00e1bamos al f\u00fatbol y al anochecer \u00edbamos a los pisos militares, por donde estaba el dep\u00f3sito de agua, a seguir jugando m\u00e1s cerca de las ni\u00f1as y exhibir nuestras virtudes saltando y corriendo delante de ellas como ciervos en berrea\u00a0 ante su indiferencia. Ellas se sentaban en un banco con otros que tocaban la guitarra y cantaban canciones protestas.<\/span><\/p>\n<p><span style=\"font-weight: 400;\"><a href=\"https:\/\/static-blogs.hoy.es\/wp-content\/uploads\/sites\/8\/2021\/10\/DSC02796.jpg\"><img loading=\"lazy\" class=\" wp-image-1684 aligncenter\" src=\"https:\/\/static-blogs.hoy.es\/wp-content\/uploads\/sites\/8\/2021\/10\/DSC02796-300x200.jpg\" alt=\"\" width=\"529\" height=\"352\" srcset=\"https:\/\/static-blogs.hoy.es\/wp-content\/uploads\/sites\/8\/2021\/10\/DSC02796-300x200.jpg 300w, https:\/\/static-blogs.hoy.es\/wp-content\/uploads\/sites\/8\/2021\/10\/DSC02796-768x512.jpg 768w, https:\/\/static-blogs.hoy.es\/wp-content\/uploads\/sites\/8\/2021\/10\/DSC02796-1024x683.jpg 1024w, https:\/\/static-blogs.hoy.es\/wp-content\/uploads\/sites\/8\/2021\/10\/DSC02796.jpg 1500w\" sizes=\"(max-width: 529px) 100vw, 529px\" \/><\/a><\/span><\/p>\n<p><span style=\"font-weight: 400;\">Cuando Pepe hizo el equipo empezamos a entrenar en el campo de la Metal\u00fargica qu\u00e9 estaba por donde hoy est\u00e1n los Salesianos y que ahora no s\u00e9 situar.\u00a0 Pepe llegaba al campo con un cuatro ele que por la ma\u00f1ana llenaba de pescado y por la tarde con balones de f\u00fatbol. El Racing fue el equipo del barrio. Entonces el barrio estaba en construcci\u00f3n. Los Zafer eran bloques de nueve y siete plantas con locales comerciales\u00a0 en los bajos y en los pasajes. Uno de estos locales era el de la pescader\u00eda que estaba junto al bar Salvatierra donde alternaban con los vecinos el alcalde Manolo Rojas, algunos futbolistas del Badajoz y el dramaturgo Mart\u00ednez Mediero, en la Maya tambi\u00e9n estaba la tienda de Isabelo, la de Cabello, que fue un Central de Badajoz,la dulcer\u00eda de Esperanza, la carnicer\u00eda de Victor\u2026 Hoy con el cierre de la pescader\u00eda solo queda en la calle el ultramarino de Inmaculada y\u00a0 la librer\u00eda Abecedario que entonces no exist\u00eda. Cuando una tienda de barrio cierra, parte de nuestra historia termina.<a href=\"https:\/\/static-blogs.hoy.es\/wp-content\/uploads\/sites\/8\/2022\/09\/FLECHA-NEGRA.jpg\"><img loading=\"lazy\" class=\" wp-image-1801 aligncenter\" src=\"https:\/\/static-blogs.hoy.es\/wp-content\/uploads\/sites\/8\/2022\/09\/FLECHA-NEGRA-300x226.jpg\" alt=\"\" width=\"463\" height=\"349\" srcset=\"https:\/\/static-blogs.hoy.es\/wp-content\/uploads\/sites\/8\/2022\/09\/FLECHA-NEGRA-300x226.jpg 300w, https:\/\/static-blogs.hoy.es\/wp-content\/uploads\/sites\/8\/2022\/09\/FLECHA-NEGRA-768x579.jpg 768w, https:\/\/static-blogs.hoy.es\/wp-content\/uploads\/sites\/8\/2022\/09\/FLECHA-NEGRA-1024x771.jpg 1024w, https:\/\/static-blogs.hoy.es\/wp-content\/uploads\/sites\/8\/2022\/09\/FLECHA-NEGRA.jpg 1913w\" sizes=\"(max-width: 463px) 100vw, 463px\" \/><\/a><\/span><\/p>\n<!-- AddThis Advanced Settings generic via filter on the_content --><!-- AddThis Share Buttons generic via filter on the_content -->","protected":false},"excerpt":{"rendered":"<p>&nbsp; Cuando veo en el peri\u00f3dico el art\u00edculo de\u00a0 Pl\u00e1cido Ram\u00edrez me pongo a escribir porque el siguiente soy yo. Aquel d\u00eda tambi\u00e9n publicaba ese gran columnista que es Juan Francisco Caro y entre columna y columna \u00a0 un reportaje sobre el cierre por\u00a0 jubilaci\u00f3n de la pescader\u00eda Pepe en la calle La Maya. Me [&hellip;]<!-- AddThis Advanced Settings generic via filter on get_the_excerpt --><!-- AddThis Share Buttons generic via filter on get_the_excerpt --><\/p>\n","protected":false},"author":10,"featured_media":1284,"comment_status":"open","ping_status":"closed","sticky":false,"template":"","format":"standard","meta":[],"categories":[2],"tags":[1645,1649,1646,1447,1647,1648,1446],"_links":{"self":[{"href":"https:\/\/blogs.hoy.es\/migas-canas\/wp-json\/wp\/v2\/posts\/1831"}],"collection":[{"href":"https:\/\/blogs.hoy.es\/migas-canas\/wp-json\/wp\/v2\/posts"}],"about":[{"href":"https:\/\/blogs.hoy.es\/migas-canas\/wp-json\/wp\/v2\/types\/post"}],"author":[{"embeddable":true,"href":"https:\/\/blogs.hoy.es\/migas-canas\/wp-json\/wp\/v2\/users\/10"}],"replies":[{"embeddable":true,"href":"https:\/\/blogs.hoy.es\/migas-canas\/wp-json\/wp\/v2\/comments?post=1831"}],"version-history":[{"count":1,"href":"https:\/\/blogs.hoy.es\/migas-canas\/wp-json\/wp\/v2\/posts\/1831\/revisions"}],"predecessor-version":[{"id":1832,"href":"https:\/\/blogs.hoy.es\/migas-canas\/wp-json\/wp\/v2\/posts\/1831\/revisions\/1832"}],"wp:featuredmedia":[{"embeddable":true,"href":"https:\/\/blogs.hoy.es\/migas-canas\/wp-json\/wp\/v2\/media\/1284"}],"wp:attachment":[{"href":"https:\/\/blogs.hoy.es\/migas-canas\/wp-json\/wp\/v2\/media?parent=1831"}],"wp:term":[{"taxonomy":"category","embeddable":true,"href":"https:\/\/blogs.hoy.es\/migas-canas\/wp-json\/wp\/v2\/categories?post=1831"},{"taxonomy":"post_tag","embeddable":true,"href":"https:\/\/blogs.hoy.es\/migas-canas\/wp-json\/wp\/v2\/tags?post=1831"}],"curies":[{"name":"wp","href":"https:\/\/api.w.org\/{rel}","templated":true}]}}