{"id":1835,"date":"2023-02-03T13:14:18","date_gmt":"2023-02-03T12:14:18","guid":{"rendered":"https:\/\/blogs.hoy.es\/migas-canas\/?p=1835"},"modified":"2023-02-03T13:15:02","modified_gmt":"2023-02-03T12:15:02","slug":"1835","status":"publish","type":"post","link":"https:\/\/blogs.hoy.es\/migas-canas\/2023\/02\/03\/1835\/","title":{"rendered":"CAMPO DE LA FEDERACI\u00d3N"},"content":{"rendered":"<p><span style=\"font-weight: 400;\"><a href=\"https:\/\/static-blogs.hoy.es\/wp-content\/uploads\/sites\/8\/2022\/09\/FLECHA-NEGRA.jpg\"><img loading=\"lazy\" class=\" wp-image-1801 aligncenter\" src=\"https:\/\/static-blogs.hoy.es\/wp-content\/uploads\/sites\/8\/2022\/09\/FLECHA-NEGRA-300x226.jpg\" alt=\"\" width=\"701\" height=\"528\" srcset=\"https:\/\/static-blogs.hoy.es\/wp-content\/uploads\/sites\/8\/2022\/09\/FLECHA-NEGRA-300x226.jpg 300w, https:\/\/static-blogs.hoy.es\/wp-content\/uploads\/sites\/8\/2022\/09\/FLECHA-NEGRA-768x579.jpg 768w, https:\/\/static-blogs.hoy.es\/wp-content\/uploads\/sites\/8\/2022\/09\/FLECHA-NEGRA-1024x771.jpg 1024w, https:\/\/static-blogs.hoy.es\/wp-content\/uploads\/sites\/8\/2022\/09\/FLECHA-NEGRA.jpg 1913w\" sizes=\"(max-width: 701px) 100vw, 701px\" \/><\/a>D\u00edas antes hab\u00eda le\u00eddo en este peri\u00f3dico que iban a derribar el campo de f\u00fatbol Jos\u00e9 Pache de Badajoz. El lunes siguiente vi las m\u00e1quinas, no las que est\u00e1n extrayendo tierra y rebajando el cerro que sub\u00edamos y baj\u00e1bamos corriendo con un compa\u00f1ero a cuestas. Un entrenamiento m\u00e1s apropiado para militares que en caso de necesidad tienen que cargar con el soldado herido (malditas guerras), que para ilusionados futbolistas.<\/span><\/p>\n<p><span style=\"font-weight: 400;\">\u00a0Las m\u00e1quinas derriban las paredes grafiteadas del campo de F\u00fatbol Jos\u00e9 Pache, aunque para mi generaci\u00f3n y sobre todo para los que hemos jugado en el Flecha Negra, lo conocemos como campo\u00a0 de la Federaci\u00f3n. El campo de la Federaci\u00f3n era donde entren\u00e1bamos los d\u00edas de diario y jug\u00e1bamos los domingos.<\/span><\/p>\n<p><span style=\"font-weight: 400;\"><a href=\"https:\/\/static-blogs.hoy.es\/wp-content\/uploads\/sites\/8\/2018\/02\/26994155_137937767014940_7729192345299860305_n.jpg\"><img loading=\"lazy\" class=\" wp-image-1261 aligncenter\" src=\"https:\/\/static-blogs.hoy.es\/wp-content\/uploads\/sites\/8\/2018\/02\/26994155_137937767014940_7729192345299860305_n-233x300.jpg\" alt=\"\" width=\"434\" height=\"558\" srcset=\"https:\/\/static-blogs.hoy.es\/wp-content\/uploads\/sites\/8\/2018\/02\/26994155_137937767014940_7729192345299860305_n-233x300.jpg 233w, https:\/\/static-blogs.hoy.es\/wp-content\/uploads\/sites\/8\/2018\/02\/26994155_137937767014940_7729192345299860305_n.jpg 284w\" sizes=\"(max-width: 434px) 100vw, 434px\" \/><\/a>El campo de la Federaci\u00f3n est\u00e1 frente a mi trabajo, por lo que estoy siguiendo el\u00a0 derribo de cerca con la nostalgia de tantos domingos de esfuerzos, gloria y alg\u00fan fracaso.Entonces la felicidad no depend\u00eda de un resultado,cuando el f\u00fatbol solo era un deporte.<\/span><\/p>\n<p><span style=\"font-weight: 400;\">A diario veo como van desapareciendo las paredes que antes eran lisas y ahora est\u00e1n\u00a0 adornadas con coloridos graffitis, unas paredes que valen m\u00e1s\u00a0 por la historia deportiva que contienen que por sus muros.<\/span><\/p>\n<p><span style=\"font-weight: 400;\">Un campo que en nuestra \u00e9poca era de tierra, una tierra que drenaba el sudor de unos muchachos entusiastas que aspir\u00e1bamos a futbolistas de categor\u00edas superiores, quer\u00edamos fichar por el Badajoz, cuando el Badajoz era el Badajoz, como escribir\u00eda Rajoy, y donde terminaron compa\u00f1eros como Alegre, Macarro, Sancho, Edu, Rodr\u00ed\u2026 o en primera divisi\u00f3n como, Manolo Agujetas, Job,Adolfo, Martinez\u2026<\/span><\/p>\n<p><span style=\"font-weight: 400;\"><a href=\"https:\/\/static-blogs.hoy.es\/wp-content\/uploads\/sites\/8\/2023\/02\/DSC03944.jpg\"><img loading=\"lazy\" class=\" wp-image-1836 aligncenter\" src=\"https:\/\/static-blogs.hoy.es\/wp-content\/uploads\/sites\/8\/2023\/02\/DSC03944-300x169.jpg\" alt=\"\" width=\"772\" height=\"435\" srcset=\"https:\/\/static-blogs.hoy.es\/wp-content\/uploads\/sites\/8\/2023\/02\/DSC03944-300x169.jpg 300w, https:\/\/static-blogs.hoy.es\/wp-content\/uploads\/sites\/8\/2023\/02\/DSC03944-768x432.jpg 768w, https:\/\/static-blogs.hoy.es\/wp-content\/uploads\/sites\/8\/2023\/02\/DSC03944.jpg 920w\" sizes=\"(max-width: 772px) 100vw, 772px\" \/><\/a><\/span><\/p>\n<p><span style=\"font-weight: 400;\">Est\u00e1n derribando el recinto que actualmente sirve de refugio para algunas personas enganchadas a la droga que malviven esclavos de sus adiciones, esos a los que se les ve corriendo como zombis en busca de su dosis para vivir a la intemperie, entre las gradas por donde nosotros corr\u00edamos y saltabamos realizando entrenamientos que no ten\u00edan nada que ver con los actuales, unos entrenamientos dise\u00f1ados con m\u00e1s\u00a0 ilusi\u00f3n que formaci\u00f3n.<\/span><\/p>\n<p><span style=\"font-weight: 400;\">Cuando me asomo a la ventana y veo las paredes\u00a0 y las gradas rotas, veo a\u00a0 Manolo el Gordo, gritando desde la banda, veo a Jes\u00fas Ferrer \u201cGarica\u201d dando instrucciones, Antonio que algunas veces iba a dirigir los entrenamientos con el traje de celador del Perpetuo Socorro,despu\u00e9s de su jornada laboral, o Antonio el Feo que sal\u00eda de la obra para ir al campo que coronaba un solitario Cerro del Viento.\u00a0<\/span><\/p>\n<p><span style=\"font-weight: 400;\">Despu\u00e9s lleg\u00f3 Cachola, pero eso ya es otra historia.<\/span><\/p>\n<p>&nbsp;<\/p>\n<p><span style=\"font-weight: 400;\">Diego Algaba Mansill<\/span><\/p>\n<p><span style=\"font-weight: 400;\">D\u00edas antes hab\u00eda le\u00eddo en este peri\u00f3dico que iban a derribar el campo de f\u00fatbol Jos\u00e9 Pache de Badajoz. El lunes siguiente vi las m\u00e1quinas, no las que est\u00e1n extrayendo tierra y rebajando el cerro que sub\u00edamos y baj\u00e1bamos corriendo con un compa\u00f1ero a cuestas. Un entrenamiento m\u00e1s apropiado para militares que en caso de necesidad tienen que cargar con el soldado herido (malditas guerras), que para ilusionados futbolistas.<\/span><\/p>\n<p><span style=\"font-weight: 400;\">\u00a0Las m\u00e1quinas derriban las paredes grafiteadas del campo de F\u00fatbol Jos\u00e9 Pache, aunque para mi generaci\u00f3n y sobre todo para los que hemos jugado en el Flecha Negra, lo conocemos como campo\u00a0 de la Federaci\u00f3n. El campo de la Federaci\u00f3n era donde entren\u00e1bamos los d\u00edas de diario y jug\u00e1bamos los domingos.<\/span><\/p>\n<p><span style=\"font-weight: 400;\">El campo de la Federaci\u00f3n est\u00e1 frente a mi trabajo, por lo que estoy siguiendo el\u00a0 derribo de cerca con la nostalgia de tantos domingos de esfuerzos, gloria y alg\u00fan fracaso.Entonces la felicidad no depend\u00eda de un resultado,cuando el f\u00fatbol solo era un deporte.<\/span><\/p>\n<p><span style=\"font-weight: 400;\">A diario veo como van desapareciendo las paredes que antes eran lisas y ahora est\u00e1n\u00a0 adornadas con coloridos graffitis, unas paredes que valen m\u00e1s\u00a0 por la historia deportiva que contienen que por sus muros.<\/span><\/p>\n<p><span style=\"font-weight: 400;\">Un campo que en nuestra \u00e9poca era de tierra, una tierra que drenaba el sudor de unos muchachos entusiastas que aspir\u00e1bamos a futbolistas de categor\u00edas superiores, quer\u00edamos fichar por el Badajoz, cuando el Badajoz era el Badajoz, como escribir\u00eda Rajoy, y donde terminaron compa\u00f1eros como Alegre, Macarro, Sancho, Edu, Rodr\u00ed\u2026 o en primera divisi\u00f3n como, Manolo Agujetas, Job,Adolfo, Martinez\u2026<\/span><\/p>\n<p><span style=\"font-weight: 400;\">Est\u00e1n derribando el recinto que actualmente sirve de refugio para algunas personas enganchadas a la droga que malviven esclavos de sus adiciones, esos a los que se les ve corriendo como zombis en busca de su dosis para vivir a la intemperie, entre las gradas por donde nosotros corr\u00edamos y saltabamos realizando entrenamientos que no ten\u00edan nada que ver con los actuales, unos entrenamientos dise\u00f1ados con m\u00e1s\u00a0 ilusi\u00f3n que formaci\u00f3n.<\/span><\/p>\n<p><span style=\"font-weight: 400;\">Cuando me asomo a la ventana y veo las paredes\u00a0 y las gradas rotas, veo a\u00a0 Manolo el Gordo, gritando desde la banda, veo a Jes\u00fas Ferrer \u201cGarica\u201d dando instrucciones, Antonio que algunas veces iba a dirigir los entrenamientos con el traje de celador del Perpetuo Socorro,despu\u00e9s de su jornada laboral, o Antonio el Feo que sal\u00eda de la obra para ir al campo que coronaba un solitario Cerro del Viento.<\/span><\/p>\n<p>Despu\u00e9s lleg\u00f3 Cachola, pero eso ya es otra historia<\/p>\n<!-- AddThis Advanced Settings generic via filter on the_content --><!-- AddThis Share Buttons generic via filter on the_content -->","protected":false},"excerpt":{"rendered":"<p>D\u00edas antes hab\u00eda le\u00eddo en este peri\u00f3dico que iban a derribar el campo de f\u00fatbol Jos\u00e9 Pache de Badajoz. El lunes siguiente vi las m\u00e1quinas, no las que est\u00e1n extrayendo tierra y rebajando el cerro que sub\u00edamos y baj\u00e1bamos corriendo con un compa\u00f1ero a cuestas. Un entrenamiento m\u00e1s apropiado para militares que en caso de [&hellip;]<!-- AddThis Advanced Settings generic via filter on get_the_excerpt --><!-- AddThis Share Buttons generic via filter on get_the_excerpt --><\/p>\n","protected":false},"author":10,"featured_media":1284,"comment_status":"open","ping_status":"closed","sticky":false,"template":"","format":"standard","meta":[],"categories":[2],"tags":[1655,1652,1653,1650,1659,1654,559,1651,1656,1657,1658],"_links":{"self":[{"href":"https:\/\/blogs.hoy.es\/migas-canas\/wp-json\/wp\/v2\/posts\/1835"}],"collection":[{"href":"https:\/\/blogs.hoy.es\/migas-canas\/wp-json\/wp\/v2\/posts"}],"about":[{"href":"https:\/\/blogs.hoy.es\/migas-canas\/wp-json\/wp\/v2\/types\/post"}],"author":[{"embeddable":true,"href":"https:\/\/blogs.hoy.es\/migas-canas\/wp-json\/wp\/v2\/users\/10"}],"replies":[{"embeddable":true,"href":"https:\/\/blogs.hoy.es\/migas-canas\/wp-json\/wp\/v2\/comments?post=1835"}],"version-history":[{"count":2,"href":"https:\/\/blogs.hoy.es\/migas-canas\/wp-json\/wp\/v2\/posts\/1835\/revisions"}],"predecessor-version":[{"id":1838,"href":"https:\/\/blogs.hoy.es\/migas-canas\/wp-json\/wp\/v2\/posts\/1835\/revisions\/1838"}],"wp:featuredmedia":[{"embeddable":true,"href":"https:\/\/blogs.hoy.es\/migas-canas\/wp-json\/wp\/v2\/media\/1284"}],"wp:attachment":[{"href":"https:\/\/blogs.hoy.es\/migas-canas\/wp-json\/wp\/v2\/media?parent=1835"}],"wp:term":[{"taxonomy":"category","embeddable":true,"href":"https:\/\/blogs.hoy.es\/migas-canas\/wp-json\/wp\/v2\/categories?post=1835"},{"taxonomy":"post_tag","embeddable":true,"href":"https:\/\/blogs.hoy.es\/migas-canas\/wp-json\/wp\/v2\/tags?post=1835"}],"curies":[{"name":"wp","href":"https:\/\/api.w.org\/{rel}","templated":true}]}}