{"id":1847,"date":"2023-03-09T17:09:52","date_gmt":"2023-03-09T16:09:52","guid":{"rendered":"https:\/\/blogs.hoy.es\/migas-canas\/?p=1847"},"modified":"2023-03-09T17:51:14","modified_gmt":"2023-03-09T16:51:14","slug":"aceleratriz","status":"publish","type":"post","link":"https:\/\/blogs.hoy.es\/migas-canas\/2023\/03\/09\/aceleratriz\/","title":{"rendered":"ACELERATRIZ"},"content":{"rendered":"<p><a href=\"https:\/\/static-blogs.hoy.es\/wp-content\/uploads\/sites\/8\/2023\/03\/IMG-20230308-WA0024-2.jpg\"><img loading=\"lazy\" class=\" wp-image-1849 aligncenter\" src=\"https:\/\/static-blogs.hoy.es\/wp-content\/uploads\/sites\/8\/2023\/03\/IMG-20230308-WA0024-2-300x300.jpg\" alt=\"\" width=\"582\" height=\"582\" srcset=\"https:\/\/static-blogs.hoy.es\/wp-content\/uploads\/sites\/8\/2023\/03\/IMG-20230308-WA0024-2-300x300.jpg 300w, https:\/\/static-blogs.hoy.es\/wp-content\/uploads\/sites\/8\/2023\/03\/IMG-20230308-WA0024-2-150x150.jpg 150w, https:\/\/static-blogs.hoy.es\/wp-content\/uploads\/sites\/8\/2023\/03\/IMG-20230308-WA0024-2.jpg 640w\" sizes=\"(max-width: 582px) 100vw, 582px\" \/><\/a><\/p>\n<p><span style=\"font-weight: 400;\">Entr\u00e9 en la sala de Arte Joven un d\u00eda antes. Miguel \u00c1ngel y Paloma estaban colgando los 23 cuadros de la exposici\u00f3n. Aunque\u00a0 el d\u00eda de la inauguraci\u00f3n la sala est\u00e9 llena y todo sea glamour, el trabajo del artista se realiza en soledad.\u00a0 Horas y d\u00edas\u00a0 delante de un lienzo que va cogiendo la forma y el color de los m\u00e1s profundos sentimientos del autor. Se empieza un cuadro que no se sabe c\u00f3mo terminar\u00e1, ni el rumbo que ir\u00e1 tomando, ni mucho menos c\u00f3mo lo recibir\u00e1 el p\u00fablico, aunque eso no importa cuando est\u00e1s peleando con el lienzo armado de pincel\u00a0 paleta e inspiraci\u00f3n.<\/span><\/p>\n<p><span style=\"font-weight: 400;\">Volv\u00ed a entrar en la sala al d\u00eda siguiente. Todo estaba colocado y la sala llena, hab\u00eda muchas personas en la puerta.<\/span><\/p>\n<p><span style=\"font-weight: 400;\"><a href=\"https:\/\/static-blogs.hoy.es\/wp-content\/uploads\/sites\/8\/2023\/03\/IMG-20230308-WA0030.jpg\"><img loading=\"lazy\" class=\" wp-image-1853 aligncenter\" src=\"https:\/\/static-blogs.hoy.es\/wp-content\/uploads\/sites\/8\/2023\/03\/IMG-20230308-WA0030-240x300.jpg\" alt=\"\" width=\"315\" height=\"394\" srcset=\"https:\/\/static-blogs.hoy.es\/wp-content\/uploads\/sites\/8\/2023\/03\/IMG-20230308-WA0030-240x300.jpg 240w, https:\/\/static-blogs.hoy.es\/wp-content\/uploads\/sites\/8\/2023\/03\/IMG-20230308-WA0030-768x960.jpg 768w, https:\/\/static-blogs.hoy.es\/wp-content\/uploads\/sites\/8\/2023\/03\/IMG-20230308-WA0030-819x1024.jpg 819w, https:\/\/static-blogs.hoy.es\/wp-content\/uploads\/sites\/8\/2023\/03\/IMG-20230308-WA0030.jpg 1080w\" sizes=\"(max-width: 315px) 100vw, 315px\" \/><\/a>Nervios en los instantes previos a la presentaci\u00f3n. Para Paloma es el momento de mostrar un pellizco de su alma, de su intimidad ofreciendo a otros ojos sus ojos, su forma de ver, de mirar, de sentir la vida a la vez que regala luz y belleza fundiendo color y formas.<\/span><\/p>\n<p><span style=\"font-weight: 400;\">Miguel \u00c1ngel y Paloma\u00a0 dan la bienvenida a la exposici\u00f3n \u201cAceleratriz\u201d\u00a0<\/span><\/p>\n<p><span style=\"font-weight: 400;\"><a href=\"https:\/\/static-blogs.hoy.es\/wp-content\/uploads\/sites\/8\/2023\/03\/IMG-20230308-WA0027.jpg\"><img loading=\"lazy\" class=\"size-medium wp-image-1855 aligncenter\" src=\"https:\/\/static-blogs.hoy.es\/wp-content\/uploads\/sites\/8\/2023\/03\/IMG-20230308-WA0027-217x300.jpg\" alt=\"\" width=\"217\" height=\"300\" srcset=\"https:\/\/static-blogs.hoy.es\/wp-content\/uploads\/sites\/8\/2023\/03\/IMG-20230308-WA0027-217x300.jpg 217w, https:\/\/static-blogs.hoy.es\/wp-content\/uploads\/sites\/8\/2023\/03\/IMG-20230308-WA0027-768x1061.jpg 768w, https:\/\/static-blogs.hoy.es\/wp-content\/uploads\/sites\/8\/2023\/03\/IMG-20230308-WA0027-741x1024.jpg 741w, https:\/\/static-blogs.hoy.es\/wp-content\/uploads\/sites\/8\/2023\/03\/IMG-20230308-WA0027.jpg 1038w\" sizes=\"(max-width: 217px) 100vw, 217px\" \/><\/a><\/span><\/p>\n<p><span style=\"font-weight: 400;\">Comienza la fiesta. La puesta de largo de horas de trabajo en soledad. Desde ese momento la obra deja de ser de la autora para ser de la gente.\u00a0<\/span><\/p>\n<p>&nbsp;<\/p>\n<p>&nbsp;<\/p>\n<!-- AddThis Advanced Settings generic via filter on the_content --><!-- AddThis Share Buttons generic via filter on the_content -->","protected":false},"excerpt":{"rendered":"<p>Entr\u00e9 en la sala de Arte Joven un d\u00eda antes. Miguel \u00c1ngel y Paloma estaban colgando los 23 cuadros de la exposici\u00f3n. Aunque\u00a0 el d\u00eda de la inauguraci\u00f3n la sala est\u00e9 llena y todo sea glamour, el trabajo del artista se realiza en soledad.\u00a0 Horas y d\u00edas\u00a0 delante de un lienzo que va cogiendo la [&hellip;]<!-- AddThis Advanced Settings generic via filter on get_the_excerpt --><!-- AddThis Share Buttons generic via filter on get_the_excerpt --><\/p>\n","protected":false},"author":10,"featured_media":1284,"comment_status":"open","ping_status":"closed","sticky":false,"template":"","format":"standard","meta":[],"categories":[2],"tags":[1671,1670,1669],"_links":{"self":[{"href":"https:\/\/blogs.hoy.es\/migas-canas\/wp-json\/wp\/v2\/posts\/1847"}],"collection":[{"href":"https:\/\/blogs.hoy.es\/migas-canas\/wp-json\/wp\/v2\/posts"}],"about":[{"href":"https:\/\/blogs.hoy.es\/migas-canas\/wp-json\/wp\/v2\/types\/post"}],"author":[{"embeddable":true,"href":"https:\/\/blogs.hoy.es\/migas-canas\/wp-json\/wp\/v2\/users\/10"}],"replies":[{"embeddable":true,"href":"https:\/\/blogs.hoy.es\/migas-canas\/wp-json\/wp\/v2\/comments?post=1847"}],"version-history":[{"count":7,"href":"https:\/\/blogs.hoy.es\/migas-canas\/wp-json\/wp\/v2\/posts\/1847\/revisions"}],"predecessor-version":[{"id":1857,"href":"https:\/\/blogs.hoy.es\/migas-canas\/wp-json\/wp\/v2\/posts\/1847\/revisions\/1857"}],"wp:featuredmedia":[{"embeddable":true,"href":"https:\/\/blogs.hoy.es\/migas-canas\/wp-json\/wp\/v2\/media\/1284"}],"wp:attachment":[{"href":"https:\/\/blogs.hoy.es\/migas-canas\/wp-json\/wp\/v2\/media?parent=1847"}],"wp:term":[{"taxonomy":"category","embeddable":true,"href":"https:\/\/blogs.hoy.es\/migas-canas\/wp-json\/wp\/v2\/categories?post=1847"},{"taxonomy":"post_tag","embeddable":true,"href":"https:\/\/blogs.hoy.es\/migas-canas\/wp-json\/wp\/v2\/tags?post=1847"}],"curies":[{"name":"wp","href":"https:\/\/api.w.org\/{rel}","templated":true}]}}