{"id":1858,"date":"2023-03-16T18:15:21","date_gmt":"2023-03-16T17:15:21","guid":{"rendered":"https:\/\/blogs.hoy.es\/migas-canas\/?p=1858"},"modified":"2023-03-16T18:34:33","modified_gmt":"2023-03-16T17:34:33","slug":"bar-de-cabecera","status":"publish","type":"post","link":"https:\/\/blogs.hoy.es\/migas-canas\/2023\/03\/16\/bar-de-cabecera\/","title":{"rendered":"BAR DE CABECERA"},"content":{"rendered":"<p>&nbsp;<\/p>\n<p>&nbsp;<\/p>\n<p><span style=\"font-weight: 400;\"><a href=\"https:\/\/static-blogs.hoy.es\/wp-content\/uploads\/sites\/8\/2023\/03\/20190726_115318.jpg\"><img loading=\"lazy\" class=\"size-medium wp-image-1861 aligncenter\" src=\"https:\/\/static-blogs.hoy.es\/wp-content\/uploads\/sites\/8\/2023\/03\/20190726_115318-300x169.jpg\" alt=\"\" width=\"300\" height=\"169\" srcset=\"https:\/\/static-blogs.hoy.es\/wp-content\/uploads\/sites\/8\/2023\/03\/20190726_115318-300x169.jpg 300w, https:\/\/static-blogs.hoy.es\/wp-content\/uploads\/sites\/8\/2023\/03\/20190726_115318-768x432.jpg 768w, https:\/\/static-blogs.hoy.es\/wp-content\/uploads\/sites\/8\/2023\/03\/20190726_115318-1024x576.jpg 1024w\" sizes=\"(max-width: 300px) 100vw, 300px\" \/><\/a><\/span><\/p>\n<p><span style=\"font-weight: 400;\">Hubo un tiempo en el que me desplac\u00e9 con muletas, ten\u00eda un pie escayolado. Un tiempo breve pero intenso en el que me angustiaba estar encerrado en casa. Necesitaba salir, respirar aire fresco, ver gente, escuchar voces humanas en directo con fallos de dicci\u00f3n distintas a las radiof\u00f3nicas\u00a0 entrenadas con logopedas. Quer\u00eda hablar y escuchar lo que se dice cuando no se tiene nada importante que decir,esas cosas sencilla que facilitan\u00a0 que la mayor\u00eda de las personas vivan sin\u00a0 pensar en c\u00f3mo funciona un mundo organizado por los que dirigen, y de los que la gente normal est\u00e1 cada vez m\u00e1s alejada, aunque intenten aproximarse cada cuatro a\u00f1os en zapatillas,vaqueros y streaming.<\/span><\/p>\n<p><span style=\"font-weight: 400;\">Tengo la suerte de tener un bar cerca.\u00a0 \u201cEl Punto\u201d se convirti\u00f3 en mi bar de cabecera. Durante mi convalecencia iba todas las ma\u00f1anas.\u00a0 Me saludaban, me preguntaban por el pie, me llevaban el caf\u00e9, el peri\u00f3dico, un vaso de agua, me daban conversaci\u00f3n o me dejaban con mis pensamiento si me ve\u00edan ensimismado en las musara\u00f1as.\u00a0<\/span><\/p>\n<p><span style=\"font-weight: 400;\"><a href=\"https:\/\/static-blogs.hoy.es\/wp-content\/uploads\/sites\/8\/2020\/05\/DSC03983-2.jpg\"><img loading=\"lazy\" class=\"size-medium wp-image-1556 aligncenter\" src=\"https:\/\/static-blogs.hoy.es\/wp-content\/uploads\/sites\/8\/2020\/05\/DSC03983-2-300x200.jpg\" alt=\"\" width=\"300\" height=\"200\" srcset=\"https:\/\/static-blogs.hoy.es\/wp-content\/uploads\/sites\/8\/2020\/05\/DSC03983-2-300x200.jpg 300w, https:\/\/static-blogs.hoy.es\/wp-content\/uploads\/sites\/8\/2020\/05\/DSC03983-2-768x511.jpg 768w, https:\/\/static-blogs.hoy.es\/wp-content\/uploads\/sites\/8\/2020\/05\/DSC03983-2-1024x682.jpg 1024w, https:\/\/static-blogs.hoy.es\/wp-content\/uploads\/sites\/8\/2020\/05\/DSC03983-2.jpg 1364w\" sizes=\"(max-width: 300px) 100vw, 300px\" \/><\/a><\/span><\/p>\n<p><span style=\"font-weight: 400;\">Aunque el bar se llame el Punto se le conoce por el nombre del due\u00f1o, Miguel o por el primer nombre que tuvo,\u201dEl Emigrante\u201d. Los desayunos terminan, yo me quedo retrasando la vuelta a casa.\u00a0 Van saliendo\u00a0 aperitivos. Llegan los primeros clientes.Jubilados madrugadores. empieza el mediod\u00eda.<\/span><\/p>\n<p>&nbsp;<\/p>\n<p><span style=\"font-weight: 400;\">Diego Algaba Mansilla<\/span><\/p>\n<!-- AddThis Advanced Settings generic via filter on the_content --><!-- AddThis Share Buttons generic via filter on the_content -->","protected":false},"excerpt":{"rendered":"<p>&nbsp; &nbsp; Hubo un tiempo en el que me desplac\u00e9 con muletas, ten\u00eda un pie escayolado. Un tiempo breve pero intenso en el que me angustiaba estar encerrado en casa. Necesitaba salir, respirar aire fresco, ver gente, escuchar voces humanas en directo con fallos de dicci\u00f3n distintas a las radiof\u00f3nicas\u00a0 entrenadas con logopedas. Quer\u00eda hablar [&hellip;]<!-- AddThis Advanced Settings generic via filter on get_the_excerpt --><!-- AddThis Share Buttons generic via filter on get_the_excerpt --><\/p>\n","protected":false},"author":10,"featured_media":1284,"comment_status":"open","ping_status":"closed","sticky":false,"template":"","format":"standard","meta":[],"categories":[2,1],"tags":[1254,1672,1675,1674,1673],"_links":{"self":[{"href":"https:\/\/blogs.hoy.es\/migas-canas\/wp-json\/wp\/v2\/posts\/1858"}],"collection":[{"href":"https:\/\/blogs.hoy.es\/migas-canas\/wp-json\/wp\/v2\/posts"}],"about":[{"href":"https:\/\/blogs.hoy.es\/migas-canas\/wp-json\/wp\/v2\/types\/post"}],"author":[{"embeddable":true,"href":"https:\/\/blogs.hoy.es\/migas-canas\/wp-json\/wp\/v2\/users\/10"}],"replies":[{"embeddable":true,"href":"https:\/\/blogs.hoy.es\/migas-canas\/wp-json\/wp\/v2\/comments?post=1858"}],"version-history":[{"count":3,"href":"https:\/\/blogs.hoy.es\/migas-canas\/wp-json\/wp\/v2\/posts\/1858\/revisions"}],"predecessor-version":[{"id":1863,"href":"https:\/\/blogs.hoy.es\/migas-canas\/wp-json\/wp\/v2\/posts\/1858\/revisions\/1863"}],"wp:featuredmedia":[{"embeddable":true,"href":"https:\/\/blogs.hoy.es\/migas-canas\/wp-json\/wp\/v2\/media\/1284"}],"wp:attachment":[{"href":"https:\/\/blogs.hoy.es\/migas-canas\/wp-json\/wp\/v2\/media?parent=1858"}],"wp:term":[{"taxonomy":"category","embeddable":true,"href":"https:\/\/blogs.hoy.es\/migas-canas\/wp-json\/wp\/v2\/categories?post=1858"},{"taxonomy":"post_tag","embeddable":true,"href":"https:\/\/blogs.hoy.es\/migas-canas\/wp-json\/wp\/v2\/tags?post=1858"}],"curies":[{"name":"wp","href":"https:\/\/api.w.org\/{rel}","templated":true}]}}