{"id":1872,"date":"2023-04-02T08:02:02","date_gmt":"2023-04-02T07:02:02","guid":{"rendered":"https:\/\/blogs.hoy.es\/migas-canas\/?p=1872"},"modified":"2023-04-02T08:13:14","modified_gmt":"2023-04-02T07:13:14","slug":"carteles","status":"publish","type":"post","link":"https:\/\/blogs.hoy.es\/migas-canas\/2023\/04\/02\/carteles\/","title":{"rendered":"CARTELES"},"content":{"rendered":"<p>&nbsp;<\/p>\n<p><span style=\"font-weight: 400;\"><a href=\"https:\/\/static-blogs.hoy.es\/wp-content\/uploads\/sites\/8\/2023\/04\/IMG202304011919582.jpg\"><img loading=\"lazy\" class=\" wp-image-1875 aligncenter\" src=\"https:\/\/static-blogs.hoy.es\/wp-content\/uploads\/sites\/8\/2023\/04\/IMG202304011919582-240x300.jpg\" alt=\"\" width=\"282\" height=\"353\" srcset=\"https:\/\/static-blogs.hoy.es\/wp-content\/uploads\/sites\/8\/2023\/04\/IMG202304011919582-240x300.jpg 240w, https:\/\/static-blogs.hoy.es\/wp-content\/uploads\/sites\/8\/2023\/04\/IMG202304011919582-768x960.jpg 768w, https:\/\/static-blogs.hoy.es\/wp-content\/uploads\/sites\/8\/2023\/04\/IMG202304011919582-819x1024.jpg 819w\" sizes=\"(max-width: 282px) 100vw, 282px\" \/><\/a><\/span><\/p>\n<p><span style=\"font-weight: 400;\">Siento pena cuando regreso a Badajoz despu\u00e9s de haber estado unos d\u00edas fuera, sobre todo cuando es de noche y entro en la ciudad por la autov\u00eda. Se ve una ciudad oscura y triste desde que empiezan\u00a0 los concesionarios de coches, continua por la Avenida del HOY con la nula iluminaci\u00f3n del\u00a0 pabell\u00f3n Nuria Cabanillas, las Quinientas, el colegio de Guadalupe&#8230; Antes pas\u00e9 por la rotonda del avi\u00f3n donde hay una novedad. Un cartel gigante con la cara sonriente de Grajera. Un buen trabajo de los editores fotogr\u00e1ficos que le han quitado ese aspecto de ni\u00f1o travieso que ten\u00eda en las fotos de Ciudadanos, ahora no parece pelirrojo.Grajera luce una impecable camisa blanca de esas que pegan con todas las chaquetas. A su lado, Mar\u00eda Guardiola con una amplia sonrisa\u00a0 y una gran melena rubia. \u00bfCu\u00e1nto costar\u00e1n estos carteles? qu\u00e9 pregunta m\u00e1s prosaica. Hablar de precio es de mala educaci\u00f3n. En pol\u00edtica no se habla de cosas insignificantes. Los partidos no son como las casas particulares, donde se acaba antes el sueldo que el mes. Gastar en publicidad es pr\u00e1ctica com\u00fan en pol\u00edtica. El Ministerio de Igualdad publica propaganda de sus cosas en todos los peri\u00f3dicos.\u00a0<\/span><\/p>\n<p><span style=\"font-weight: 400;\">Dicen que el cambio de luminoso de Infanta Cristina por Universitario cost\u00f3 11.000 euros, aunque a\u00f1os despu\u00e9s\u00a0 todo el mundo siga llam\u00e1ndole Infanta.<\/span><\/p>\n<p>&nbsp;<\/p>\n<!-- AddThis Advanced Settings generic via filter on the_content --><!-- AddThis Share Buttons generic via filter on the_content -->","protected":false},"excerpt":{"rendered":"<p>&nbsp; Siento pena cuando regreso a Badajoz despu\u00e9s de haber estado unos d\u00edas fuera, sobre todo cuando es de noche y entro en la ciudad por la autov\u00eda. Se ve una ciudad oscura y triste desde que empiezan\u00a0 los concesionarios de coches, continua por la Avenida del HOY con la nula iluminaci\u00f3n del\u00a0 pabell\u00f3n Nuria [&hellip;]<!-- AddThis Advanced Settings generic via filter on get_the_excerpt --><!-- AddThis Share Buttons generic via filter on get_the_excerpt --><\/p>\n","protected":false},"author":10,"featured_media":0,"comment_status":"open","ping_status":"closed","sticky":false,"template":"","format":"standard","meta":[],"categories":[2],"tags":[1564,1678,1679,1680],"_links":{"self":[{"href":"https:\/\/blogs.hoy.es\/migas-canas\/wp-json\/wp\/v2\/posts\/1872"}],"collection":[{"href":"https:\/\/blogs.hoy.es\/migas-canas\/wp-json\/wp\/v2\/posts"}],"about":[{"href":"https:\/\/blogs.hoy.es\/migas-canas\/wp-json\/wp\/v2\/types\/post"}],"author":[{"embeddable":true,"href":"https:\/\/blogs.hoy.es\/migas-canas\/wp-json\/wp\/v2\/users\/10"}],"replies":[{"embeddable":true,"href":"https:\/\/blogs.hoy.es\/migas-canas\/wp-json\/wp\/v2\/comments?post=1872"}],"version-history":[{"count":3,"href":"https:\/\/blogs.hoy.es\/migas-canas\/wp-json\/wp\/v2\/posts\/1872\/revisions"}],"predecessor-version":[{"id":1877,"href":"https:\/\/blogs.hoy.es\/migas-canas\/wp-json\/wp\/v2\/posts\/1872\/revisions\/1877"}],"wp:attachment":[{"href":"https:\/\/blogs.hoy.es\/migas-canas\/wp-json\/wp\/v2\/media?parent=1872"}],"wp:term":[{"taxonomy":"category","embeddable":true,"href":"https:\/\/blogs.hoy.es\/migas-canas\/wp-json\/wp\/v2\/categories?post=1872"},{"taxonomy":"post_tag","embeddable":true,"href":"https:\/\/blogs.hoy.es\/migas-canas\/wp-json\/wp\/v2\/tags?post=1872"}],"curies":[{"name":"wp","href":"https:\/\/api.w.org\/{rel}","templated":true}]}}