{"id":1878,"date":"2023-04-07T19:16:17","date_gmt":"2023-04-07T18:16:17","guid":{"rendered":"https:\/\/blogs.hoy.es\/migas-canas\/?p=1878"},"modified":"2023-04-07T19:21:22","modified_gmt":"2023-04-07T18:21:22","slug":"tener-pueblo","status":"publish","type":"post","link":"https:\/\/blogs.hoy.es\/migas-canas\/2023\/04\/07\/tener-pueblo\/","title":{"rendered":"TENER PUEBLO"},"content":{"rendered":"<p><a href=\"https:\/\/static-blogs.hoy.es\/wp-content\/uploads\/sites\/8\/2017\/08\/conjunto-historico-artistico-llerena.jpg\"><img loading=\"lazy\" class=\"wp-image-1171 aligncenter\" src=\"https:\/\/static-blogs.hoy.es\/wp-content\/uploads\/sites\/8\/2017\/08\/conjunto-historico-artistico-llerena-300x201.jpg\" alt=\"\" width=\"716\" height=\"480\" srcset=\"https:\/\/static-blogs.hoy.es\/wp-content\/uploads\/sites\/8\/2017\/08\/conjunto-historico-artistico-llerena-300x201.jpg 300w, https:\/\/static-blogs.hoy.es\/wp-content\/uploads\/sites\/8\/2017\/08\/conjunto-historico-artistico-llerena.jpg 640w\" sizes=\"(max-width: 716px) 100vw, 716px\" \/><\/a><\/p>\n<p><span style=\"font-weight: 400;\">Esta columna habla sobre Badajoz, la ciudad que vivo disfruto, pateo y sufro. Sin embargo, sobre todo en Semana Santa, cuando llega el olor a azahar e incienso, echo de menos ser de pueblo para coger el coche y conducir hasta la casa de mi padre,que antes fue de mi abuelo, reencontrarme con familia y amigos, ver y oler el campo, las calles, salir a la plaza para encontrarme con los que se quedaron y con los que, al igual que yo, se fueron a la ciudad para volver en vacaciones y ser Pepe,Chino y el Largo, en lugar de don tal o cual.<\/span><\/p>\n<p><span style=\"font-weight: 400;\">Me gustar\u00eda ser de Olivenza, recorrer el paseo grande,y el paseeo chico, entrar en la dulcer\u00eda Fuentes, comprar t\u00e9cula y escuchar a los mayores hablar en portugu\u00e9s. Me gustar\u00eda ser de Zafra y atravesar la calle Sevilla y llegar hasta la Plaza chica y disfrutar de los bares de la Plaza grande, y\u00a0 entrar en el parador. Me gustar\u00eda ser de Llerena y subir por la calle Aurora, sentarme en los soportales de la Casineta teniendo de frente la majestuosidad de la Iglesia de la Granada, bajar la calle Corredera, llegar al convento de Santa Clara y comprar dulces de las monjas. Me gustar\u00eda ser de un pueblo de colonizaci\u00f3n, Villafranco,\u00a0 Balboa, Novelda o\u00a0 Valdelacalzada y recorrer sus coloridos campos de \u00e1rboles frutales en flor.<\/span><\/p>\n<p><span style=\"font-weight: 400;\">En Badajoz tambi\u00e9n podr\u00edan programar otro JATO como el de C\u00e1ceres.<\/span><\/p>\n<p>&nbsp;<\/p>\n<p>&nbsp;<\/p>\n<!-- AddThis Advanced Settings generic via filter on the_content --><!-- AddThis Share Buttons generic via filter on the_content -->","protected":false},"excerpt":{"rendered":"<p>Esta columna habla sobre Badajoz, la ciudad que vivo disfruto, pateo y sufro. Sin embargo, sobre todo en Semana Santa, cuando llega el olor a azahar e incienso, echo de menos ser de pueblo para coger el coche y conducir hasta la casa de mi padre,que antes fue de mi abuelo, reencontrarme con familia y [&hellip;]<!-- AddThis Advanced Settings generic via filter on get_the_excerpt --><!-- AddThis Share Buttons generic via filter on get_the_excerpt --><\/p>\n","protected":false},"author":10,"featured_media":1284,"comment_status":"open","ping_status":"closed","sticky":false,"template":"","format":"standard","meta":[],"categories":[2],"tags":[28,1106,1684,516,555,774,1683,1682,1681],"_links":{"self":[{"href":"https:\/\/blogs.hoy.es\/migas-canas\/wp-json\/wp\/v2\/posts\/1878"}],"collection":[{"href":"https:\/\/blogs.hoy.es\/migas-canas\/wp-json\/wp\/v2\/posts"}],"about":[{"href":"https:\/\/blogs.hoy.es\/migas-canas\/wp-json\/wp\/v2\/types\/post"}],"author":[{"embeddable":true,"href":"https:\/\/blogs.hoy.es\/migas-canas\/wp-json\/wp\/v2\/users\/10"}],"replies":[{"embeddable":true,"href":"https:\/\/blogs.hoy.es\/migas-canas\/wp-json\/wp\/v2\/comments?post=1878"}],"version-history":[{"count":4,"href":"https:\/\/blogs.hoy.es\/migas-canas\/wp-json\/wp\/v2\/posts\/1878\/revisions"}],"predecessor-version":[{"id":1882,"href":"https:\/\/blogs.hoy.es\/migas-canas\/wp-json\/wp\/v2\/posts\/1878\/revisions\/1882"}],"wp:featuredmedia":[{"embeddable":true,"href":"https:\/\/blogs.hoy.es\/migas-canas\/wp-json\/wp\/v2\/media\/1284"}],"wp:attachment":[{"href":"https:\/\/blogs.hoy.es\/migas-canas\/wp-json\/wp\/v2\/media?parent=1878"}],"wp:term":[{"taxonomy":"category","embeddable":true,"href":"https:\/\/blogs.hoy.es\/migas-canas\/wp-json\/wp\/v2\/categories?post=1878"},{"taxonomy":"post_tag","embeddable":true,"href":"https:\/\/blogs.hoy.es\/migas-canas\/wp-json\/wp\/v2\/tags?post=1878"}],"curies":[{"name":"wp","href":"https:\/\/api.w.org\/{rel}","templated":true}]}}