{"id":1887,"date":"2023-04-21T17:45:01","date_gmt":"2023-04-21T16:45:01","guid":{"rendered":"https:\/\/blogs.hoy.es\/migas-canas\/?p=1887"},"modified":"2023-04-21T17:45:17","modified_gmt":"2023-04-21T16:45:17","slug":"cambiar-los-nombres","status":"publish","type":"post","link":"https:\/\/blogs.hoy.es\/migas-canas\/2023\/04\/21\/cambiar-los-nombres\/","title":{"rendered":"CAMBIAR LOS NOMBRES"},"content":{"rendered":"<p><span style=\"font-weight: 400;\"><a href=\"https:\/\/static-blogs.hoy.es\/wp-content\/uploads\/sites\/8\/2020\/05\/DSC04365-2.jpg\"><img loading=\"lazy\" class=\" wp-image-1564 aligncenter\" src=\"https:\/\/static-blogs.hoy.es\/wp-content\/uploads\/sites\/8\/2020\/05\/DSC04365-2-300x195.jpg\" alt=\"\" width=\"526\" height=\"342\" srcset=\"https:\/\/static-blogs.hoy.es\/wp-content\/uploads\/sites\/8\/2020\/05\/DSC04365-2-300x195.jpg 300w, https:\/\/static-blogs.hoy.es\/wp-content\/uploads\/sites\/8\/2020\/05\/DSC04365-2-768x499.jpg 768w, https:\/\/static-blogs.hoy.es\/wp-content\/uploads\/sites\/8\/2020\/05\/DSC04365-2-1024x665.jpg 1024w, https:\/\/static-blogs.hoy.es\/wp-content\/uploads\/sites\/8\/2020\/05\/DSC04365-2.jpg 1096w\" sizes=\"(max-width: 526px) 100vw, 526px\" \/><\/a>Seguramente no deber\u00eda escribir este art\u00edculo al ser parte interesada. No comparto la idea de cambiar el nombre del CS Valdepasillas por Cerro del Viento, y no lo digo\u00a0 por la parte que me toca al tener que cambiar documentos guardados en mi ordenador con el nombre de Valdepasillas, ni por los cambios en los distintos programas inform\u00e1ticos, tampoco\u00a0 por el gasto que supone sustituir el cartel de la fachada, ni el de papeler\u00eda,\u00a0 seguro que alguna imprenta se est\u00e1 frotando las manos. Lo digo porque no parece pr\u00e1ctico como no lo fue el cambio de Infanta Cristina por Universitario,\u00a0 despu\u00e9s de los a\u00f1os seguimos conoci\u00e9ndolo como Infanta. Son pocos los que llaman Celdr\u00e1n a la Av Villanueva a pesar de tener la estatua del Alcalde\u00a0 en mitad de la calle.<\/span><\/p>\n<p><span style=\"font-weight: 400;\"><a href=\"https:\/\/static-blogs.hoy.es\/wp-content\/uploads\/sites\/8\/2020\/05\/DSC04362-2.jpg\"><img loading=\"lazy\" class=\" wp-image-1565 alignnone\" src=\"https:\/\/static-blogs.hoy.es\/wp-content\/uploads\/sites\/8\/2020\/05\/DSC04362-2-300x200.jpg\" alt=\"\" width=\"353\" height=\"235\" srcset=\"https:\/\/static-blogs.hoy.es\/wp-content\/uploads\/sites\/8\/2020\/05\/DSC04362-2-300x200.jpg 300w, https:\/\/static-blogs.hoy.es\/wp-content\/uploads\/sites\/8\/2020\/05\/DSC04362-2-768x512.jpg 768w, https:\/\/static-blogs.hoy.es\/wp-content\/uploads\/sites\/8\/2020\/05\/DSC04362-2-1024x683.jpg 1024w, https:\/\/static-blogs.hoy.es\/wp-content\/uploads\/sites\/8\/2020\/05\/DSC04362-2.jpg 1800w\" sizes=\"(max-width: 353px) 100vw, 353px\" \/>##\u00b7<\/a><\/span><\/p>\n<p><span style=\"font-weight: 400;\">Hace a\u00f1os trabaj\u00e9 en el CS de Llerena, no exist\u00eda m\u00f3vil, ni google maps. En algunos pueblos de la campi\u00f1a, cuando se produc\u00edan cambios de alcalde en las elecciones, las calles que en una legislatura se llamaban General Franco en la siguiente\u00a0 se pod\u00edan llamar Dolores Ib\u00e1rruri, As\u00ed que si enfermaba un paciente durante la noche, y ten\u00eda que desplazarse a esa localidad un equipo m\u00e9dico, el conductor se volv\u00eda loco buscando el domicilio del\u00a0 enfermo en esas horas en las que no hab\u00eda nadie por la calle para preguntar.<\/span><\/p>\n<p>&nbsp;<\/p>\n<!-- AddThis Advanced Settings generic via filter on the_content --><!-- AddThis Share Buttons generic via filter on the_content -->","protected":false},"excerpt":{"rendered":"<p>Seguramente no deber\u00eda escribir este art\u00edculo al ser parte interesada. No comparto la idea de cambiar el nombre del CS Valdepasillas por Cerro del Viento, y no lo digo\u00a0 por la parte que me toca al tener que cambiar documentos guardados en mi ordenador con el nombre de Valdepasillas, ni por los cambios en los [&hellip;]<!-- AddThis Advanced Settings generic via filter on get_the_excerpt --><!-- AddThis Share Buttons generic via filter on get_the_excerpt --><\/p>\n","protected":false},"author":10,"featured_media":1284,"comment_status":"open","ping_status":"closed","sticky":false,"template":"","format":"standard","meta":[],"categories":[2],"tags":[1688],"_links":{"self":[{"href":"https:\/\/blogs.hoy.es\/migas-canas\/wp-json\/wp\/v2\/posts\/1887"}],"collection":[{"href":"https:\/\/blogs.hoy.es\/migas-canas\/wp-json\/wp\/v2\/posts"}],"about":[{"href":"https:\/\/blogs.hoy.es\/migas-canas\/wp-json\/wp\/v2\/types\/post"}],"author":[{"embeddable":true,"href":"https:\/\/blogs.hoy.es\/migas-canas\/wp-json\/wp\/v2\/users\/10"}],"replies":[{"embeddable":true,"href":"https:\/\/blogs.hoy.es\/migas-canas\/wp-json\/wp\/v2\/comments?post=1887"}],"version-history":[{"count":1,"href":"https:\/\/blogs.hoy.es\/migas-canas\/wp-json\/wp\/v2\/posts\/1887\/revisions"}],"predecessor-version":[{"id":1888,"href":"https:\/\/blogs.hoy.es\/migas-canas\/wp-json\/wp\/v2\/posts\/1887\/revisions\/1888"}],"wp:featuredmedia":[{"embeddable":true,"href":"https:\/\/blogs.hoy.es\/migas-canas\/wp-json\/wp\/v2\/media\/1284"}],"wp:attachment":[{"href":"https:\/\/blogs.hoy.es\/migas-canas\/wp-json\/wp\/v2\/media?parent=1887"}],"wp:term":[{"taxonomy":"category","embeddable":true,"href":"https:\/\/blogs.hoy.es\/migas-canas\/wp-json\/wp\/v2\/categories?post=1887"},{"taxonomy":"post_tag","embeddable":true,"href":"https:\/\/blogs.hoy.es\/migas-canas\/wp-json\/wp\/v2\/tags?post=1887"}],"curies":[{"name":"wp","href":"https:\/\/api.w.org\/{rel}","templated":true}]}}