{"id":1890,"date":"2023-04-28T17:29:23","date_gmt":"2023-04-28T16:29:23","guid":{"rendered":"https:\/\/blogs.hoy.es\/migas-canas\/?p=1890"},"modified":"2023-04-28T17:29:23","modified_gmt":"2023-04-28T16:29:23","slug":"abril","status":"publish","type":"post","link":"https:\/\/blogs.hoy.es\/migas-canas\/2023\/04\/28\/abril\/","title":{"rendered":"ABRIL"},"content":{"rendered":"<p>&nbsp;<\/p>\n<p><span style=\"font-weight: 400;\"><a href=\"https:\/\/static-blogs.hoy.es\/wp-content\/uploads\/sites\/8\/2022\/05\/DSC08730-2.jpg\"><img loading=\"lazy\" class=\" wp-image-1764 aligncenter\" src=\"https:\/\/static-blogs.hoy.es\/wp-content\/uploads\/sites\/8\/2022\/05\/DSC08730-2-300x200.jpg\" alt=\"\" width=\"646\" height=\"430\" srcset=\"https:\/\/static-blogs.hoy.es\/wp-content\/uploads\/sites\/8\/2022\/05\/DSC08730-2-300x200.jpg 300w, https:\/\/static-blogs.hoy.es\/wp-content\/uploads\/sites\/8\/2022\/05\/DSC08730-2-768x512.jpg 768w, https:\/\/static-blogs.hoy.es\/wp-content\/uploads\/sites\/8\/2022\/05\/DSC08730-2-1024x683.jpg 1024w, https:\/\/static-blogs.hoy.es\/wp-content\/uploads\/sites\/8\/2022\/05\/DSC08730-2.jpg 1500w\" sizes=\"(max-width: 646px) 100vw, 646px\" \/><\/a><\/span><\/p>\n<p><span style=\"font-weight: 400;\">Se acaba\u00a0 abril y no he escrito nada sobre abril. Este a\u00f1o s\u00ed que nos lo han robado. El abril de las aguas mil, del olor a tierra mojada, de campos suculentos, de versos floridos, de desnudos de alma\u2026 porque con esta temperatura no hay quien escriba ni de abril, ni de nada. Este calor debilita la raz\u00f3n y anula la imaginaci\u00f3n, bastante tenemos\u00a0 con arrastrar el cuerpo por las calles a ritmo de caracol perezoso. Echamos de menos una tarde de lluvia tras los cristales, de canalones corriendo,de charcos como espejos. El\u00a0 abril de poetas, cantantes, pintores, fot\u00f3grafos\u2026 El abril de los que tienen ganas de vivir y de los que no la tienen y lo escriben en verso. Un abril de sentimientos, de l\u00e1grima f\u00e1cil, de besos abundantes, de coraz\u00f3n variable, de atardeceres melanc\u00f3licos, de rebequita por la tarde. Un abril sin agua, maltratado por un sol que lo transforma en un vulgar Junio sin color. Un junio de ferias, botellones y reggaeton, de faldas cortas y ombligos al aire, de mucha carne y poca alma.<\/span><\/p>\n<p>&nbsp;<\/p>\n<p><span style=\"font-weight: 400;\"><a href=\"https:\/\/static-blogs.hoy.es\/wp-content\/uploads\/sites\/8\/2021\/08\/DSC03970-2.jpg\"><img loading=\"lazy\" class=\"alignnone  wp-image-1671\" src=\"https:\/\/static-blogs.hoy.es\/wp-content\/uploads\/sites\/8\/2021\/08\/DSC03970-2-300x200.jpg\" alt=\"\" width=\"391\" height=\"260\" srcset=\"https:\/\/static-blogs.hoy.es\/wp-content\/uploads\/sites\/8\/2021\/08\/DSC03970-2-300x200.jpg 300w, https:\/\/static-blogs.hoy.es\/wp-content\/uploads\/sites\/8\/2021\/08\/DSC03970-2-768x512.jpg 768w, https:\/\/static-blogs.hoy.es\/wp-content\/uploads\/sites\/8\/2021\/08\/DSC03970-2-1024x683.jpg 1024w, https:\/\/static-blogs.hoy.es\/wp-content\/uploads\/sites\/8\/2021\/08\/DSC03970-2.jpg 1500w\" sizes=\"(max-width: 391px) 100vw, 391px\" \/><\/a><\/span><\/p>\n<p><span style=\"font-weight: 400;\">Vivimos un mes incendiado en el que estamos crispado por el robo de las hipotecas, la guerra de Ucrania, Sud\u00e1n, el parque Ascensi\u00f3n,el r\u00edo, el casco antiguo, la ausencia de agua. Este a\u00f1o si. Este a\u00f1o el calor nos rob\u00f3 el mes de abril.<\/span><\/p>\n<!-- AddThis Advanced Settings generic via filter on the_content --><!-- AddThis Share Buttons generic via filter on the_content -->","protected":false},"excerpt":{"rendered":"<p>&nbsp; Se acaba\u00a0 abril y no he escrito nada sobre abril. Este a\u00f1o s\u00ed que nos lo han robado. El abril de las aguas mil, del olor a tierra mojada, de campos suculentos, de versos floridos, de desnudos de alma\u2026 porque con esta temperatura no hay quien escriba ni de abril, ni de nada. Este [&hellip;]<!-- AddThis Advanced Settings generic via filter on get_the_excerpt --><!-- AddThis Share Buttons generic via filter on get_the_excerpt --><\/p>\n","protected":false},"author":10,"featured_media":1284,"comment_status":"open","ping_status":"closed","sticky":false,"template":"","format":"standard","meta":[],"categories":[2],"tags":[1136,21,103,193,1689],"_links":{"self":[{"href":"https:\/\/blogs.hoy.es\/migas-canas\/wp-json\/wp\/v2\/posts\/1890"}],"collection":[{"href":"https:\/\/blogs.hoy.es\/migas-canas\/wp-json\/wp\/v2\/posts"}],"about":[{"href":"https:\/\/blogs.hoy.es\/migas-canas\/wp-json\/wp\/v2\/types\/post"}],"author":[{"embeddable":true,"href":"https:\/\/blogs.hoy.es\/migas-canas\/wp-json\/wp\/v2\/users\/10"}],"replies":[{"embeddable":true,"href":"https:\/\/blogs.hoy.es\/migas-canas\/wp-json\/wp\/v2\/comments?post=1890"}],"version-history":[{"count":1,"href":"https:\/\/blogs.hoy.es\/migas-canas\/wp-json\/wp\/v2\/posts\/1890\/revisions"}],"predecessor-version":[{"id":1891,"href":"https:\/\/blogs.hoy.es\/migas-canas\/wp-json\/wp\/v2\/posts\/1890\/revisions\/1891"}],"wp:featuredmedia":[{"embeddable":true,"href":"https:\/\/blogs.hoy.es\/migas-canas\/wp-json\/wp\/v2\/media\/1284"}],"wp:attachment":[{"href":"https:\/\/blogs.hoy.es\/migas-canas\/wp-json\/wp\/v2\/media?parent=1890"}],"wp:term":[{"taxonomy":"category","embeddable":true,"href":"https:\/\/blogs.hoy.es\/migas-canas\/wp-json\/wp\/v2\/categories?post=1890"},{"taxonomy":"post_tag","embeddable":true,"href":"https:\/\/blogs.hoy.es\/migas-canas\/wp-json\/wp\/v2\/tags?post=1890"}],"curies":[{"name":"wp","href":"https:\/\/api.w.org\/{rel}","templated":true}]}}