{"id":1895,"date":"2023-05-12T16:14:36","date_gmt":"2023-05-12T15:14:36","guid":{"rendered":"https:\/\/blogs.hoy.es\/migas-canas\/?p=1895"},"modified":"2023-05-12T16:14:56","modified_gmt":"2023-05-12T15:14:56","slug":"1895","status":"publish","type":"post","link":"https:\/\/blogs.hoy.es\/migas-canas\/2023\/05\/12\/1895\/","title":{"rendered":"CAMARERAS"},"content":{"rendered":"<p>&nbsp;<\/p>\n<p><span style=\"font-weight: 400;\"><a href=\"https:\/\/static-blogs.hoy.es\/wp-content\/uploads\/sites\/8\/2023\/03\/20190726_115318.jpg\"><img loading=\"lazy\" class=\" wp-image-1861 aligncenter\" src=\"https:\/\/static-blogs.hoy.es\/wp-content\/uploads\/sites\/8\/2023\/03\/20190726_115318-300x169.jpg\" alt=\"\" width=\"666\" height=\"375\" srcset=\"https:\/\/static-blogs.hoy.es\/wp-content\/uploads\/sites\/8\/2023\/03\/20190726_115318-300x169.jpg 300w, https:\/\/static-blogs.hoy.es\/wp-content\/uploads\/sites\/8\/2023\/03\/20190726_115318-768x432.jpg 768w, https:\/\/static-blogs.hoy.es\/wp-content\/uploads\/sites\/8\/2023\/03\/20190726_115318-1024x576.jpg 1024w\" sizes=\"(max-width: 666px) 100vw, 666px\" \/><\/a><\/span><\/p>\n<p>&nbsp;<\/p>\n<p><span style=\"font-weight: 400;\">Ahora que hace poco se celebr\u00f3 el 1\u00ba de mayo y sindicatos y patronal han llegado a un acuerdo salarial, voy a escribir sobre algunas trabajadoras de la cafeter\u00eda Pan y Caf\u00e9 en Condes de Barcelona: Mar\u00eda, Gloria, Ver\u00f3nica, Maribel, Pilar\u2026\u00a0 camareras que alternan turnos de ma\u00f1ana y tarde. Durante las ma\u00f1anas tres de ellas trabajan sirviendo las mesas del interior, de los veladores, y de la\u00a0 primera planta que se llega subiendo 10 o 12 escalones. El local suele llenarse de clientes con prisa, trabajadores que disponen de un tiempo para desayunar. Ellas sirven caf\u00e9, preparan las tostadas, llevan la cuenta, cobran, friegan, limpian las mesas y se mezclan entre la gente con bandejas llenas, parecen malabaristas del Circo del Sol sin perder la sonrisa ni la amabilidad, aunque en algunas ocasiones no pueden evitar la decepci\u00f3n al recibir reproches de clientes impacientes.<\/span><\/p>\n<p><span style=\"font-weight: 400;\">\u00a0Son tres trabajadores que parecen seis.<\/span><\/p>\n<p><span style=\"font-weight: 400;\">Cuando salen las listas del paro me acuerdo de ellas, porque a pesar del n\u00famero elevado de parados y, seg\u00fan dicen, no encuentran camareros.\u00a0<\/span><\/p>\n<p>&nbsp;<\/p>\n<p><span style=\"font-weight: 400;\"><a href=\"https:\/\/static-blogs.hoy.es\/wp-content\/uploads\/sites\/8\/2022\/02\/DSC06505-2.jpg\"><img loading=\"lazy\" class=\" wp-image-1731 aligncenter\" src=\"https:\/\/static-blogs.hoy.es\/wp-content\/uploads\/sites\/8\/2022\/02\/DSC06505-2-300x200.jpg\" alt=\"\" width=\"635\" height=\"423\" srcset=\"https:\/\/static-blogs.hoy.es\/wp-content\/uploads\/sites\/8\/2022\/02\/DSC06505-2-300x200.jpg 300w, https:\/\/static-blogs.hoy.es\/wp-content\/uploads\/sites\/8\/2022\/02\/DSC06505-2-768x512.jpg 768w, https:\/\/static-blogs.hoy.es\/wp-content\/uploads\/sites\/8\/2022\/02\/DSC06505-2-1024x683.jpg 1024w, https:\/\/static-blogs.hoy.es\/wp-content\/uploads\/sites\/8\/2022\/02\/DSC06505-2.jpg 1415w\" sizes=\"(max-width: 635px) 100vw, 635px\" \/><\/a><\/span><\/p>\n<p><span style=\"font-weight: 400;\">Algunas tardes voy a una cafeter\u00eda que antes era una sucursal de Caja Badajoz en Pardaleras.\u00a0<\/span><span style=\"font-weight: 400;\">\u201cTiempo de caf\u00e9\u201d:Macarena, Roc\u00edo, Menchu, Deni, Pupu\u2026. Durante las tardes trabajan dos. Atienden la barra, el interior y los veladores. Chicas j\u00f3venes que siempre est\u00e1n contentas, gastan bromas entre ellas, sin que esto les impida ir a toda pastilla y defender el negocio como propio con el lema \u201cel cliente siempre tiene raz\u00f3n\u201d incluso sin tenerla.<\/span><\/p>\n<!-- AddThis Advanced Settings generic via filter on the_content --><!-- AddThis Share Buttons generic via filter on the_content -->","protected":false},"excerpt":{"rendered":"<p>&nbsp; &nbsp; Ahora que hace poco se celebr\u00f3 el 1\u00ba de mayo y sindicatos y patronal han llegado a un acuerdo salarial, voy a escribir sobre algunas trabajadoras de la cafeter\u00eda Pan y Caf\u00e9 en Condes de Barcelona: Mar\u00eda, Gloria, Ver\u00f3nica, Maribel, Pilar\u2026\u00a0 camareras que alternan turnos de ma\u00f1ana y tarde. Durante las ma\u00f1anas tres [&hellip;]<!-- AddThis Advanced Settings generic via filter on get_the_excerpt --><!-- AddThis Share Buttons generic via filter on get_the_excerpt --><\/p>\n","protected":false},"author":10,"featured_media":1284,"comment_status":"open","ping_status":"closed","sticky":false,"template":"","format":"standard","meta":[],"categories":[2],"tags":[1695,1698,1696,1699,1693,1692,1697,1694,1700],"_links":{"self":[{"href":"https:\/\/blogs.hoy.es\/migas-canas\/wp-json\/wp\/v2\/posts\/1895"}],"collection":[{"href":"https:\/\/blogs.hoy.es\/migas-canas\/wp-json\/wp\/v2\/posts"}],"about":[{"href":"https:\/\/blogs.hoy.es\/migas-canas\/wp-json\/wp\/v2\/types\/post"}],"author":[{"embeddable":true,"href":"https:\/\/blogs.hoy.es\/migas-canas\/wp-json\/wp\/v2\/users\/10"}],"replies":[{"embeddable":true,"href":"https:\/\/blogs.hoy.es\/migas-canas\/wp-json\/wp\/v2\/comments?post=1895"}],"version-history":[{"count":2,"href":"https:\/\/blogs.hoy.es\/migas-canas\/wp-json\/wp\/v2\/posts\/1895\/revisions"}],"predecessor-version":[{"id":1897,"href":"https:\/\/blogs.hoy.es\/migas-canas\/wp-json\/wp\/v2\/posts\/1895\/revisions\/1897"}],"wp:featuredmedia":[{"embeddable":true,"href":"https:\/\/blogs.hoy.es\/migas-canas\/wp-json\/wp\/v2\/media\/1284"}],"wp:attachment":[{"href":"https:\/\/blogs.hoy.es\/migas-canas\/wp-json\/wp\/v2\/media?parent=1895"}],"wp:term":[{"taxonomy":"category","embeddable":true,"href":"https:\/\/blogs.hoy.es\/migas-canas\/wp-json\/wp\/v2\/categories?post=1895"},{"taxonomy":"post_tag","embeddable":true,"href":"https:\/\/blogs.hoy.es\/migas-canas\/wp-json\/wp\/v2\/tags?post=1895"}],"curies":[{"name":"wp","href":"https:\/\/api.w.org\/{rel}","templated":true}]}}