{"id":1898,"date":"2023-05-19T18:27:03","date_gmt":"2023-05-19T17:27:03","guid":{"rendered":"https:\/\/blogs.hoy.es\/migas-canas\/?p=1898"},"modified":"2023-05-19T18:27:48","modified_gmt":"2023-05-19T17:27:48","slug":"1898","status":"publish","type":"post","link":"https:\/\/blogs.hoy.es\/migas-canas\/2023\/05\/19\/1898\/","title":{"rendered":"PL\u00c1CIDO RAM\u00cdREZ"},"content":{"rendered":"<p>&nbsp;<\/p>\n<p>&nbsp;<\/p>\n<p><span style=\"font-weight: 400;\">\u00a0<a href=\"https:\/\/static-blogs.hoy.es\/wp-content\/uploads\/sites\/8\/2017\/05\/18387166_1519975788027114_763775167_n.jpg\"><img loading=\"lazy\" class=\" wp-image-1094 aligncenter\" src=\"https:\/\/static-blogs.hoy.es\/wp-content\/uploads\/sites\/8\/2017\/05\/18387166_1519975788027114_763775167_n-169x300.jpg\" alt=\"\" width=\"301\" height=\"534\" srcset=\"https:\/\/static-blogs.hoy.es\/wp-content\/uploads\/sites\/8\/2017\/05\/18387166_1519975788027114_763775167_n-169x300.jpg 169w, https:\/\/static-blogs.hoy.es\/wp-content\/uploads\/sites\/8\/2017\/05\/18387166_1519975788027114_763775167_n.jpg 270w\" sizes=\"(max-width: 301px) 100vw, 301px\" \/><\/a><\/span><\/p>\n<p><span style=\"font-weight: 400;\">Pl\u00e1cido present\u00f3 en la feria del libro cien art\u00edculos publicados en esta secci\u00f3n de Plaza Alta. La mesa del escenario la compon\u00edan: Tom\u00e1s Mart\u00edn Tamayo, (Campillo de Llerena) Pl\u00e1cido, (Puebla de la Reina) y Antonio Vera, (Azuaga). Trabaj\u00e9 con Antonio m\u00e1s de 15 a\u00f1os. Pasaba consulta en el centro de salud de Llerena. Me dijo que hab\u00eda creado la editorial donde publicaba Pl\u00e1cido, y que hab\u00eda escrito una novela. Sorpresas que da la vida. M\u00e1s de 15 a\u00f1os vi\u00e9ndonos y no conoc\u00eda su pasi\u00f3n por la literatura.<\/span><\/p>\n<p><span style=\"font-weight: 400;\">La presentaci\u00f3n de Tamayo,sobresaliente, como siempre que le he escuchado. Admiro a las personas que hablan con soltura, sin apuntes. Pienso que escribe con esa misma fluidez y que las columnas que\u00a0 a otros nos cuesta horas, \u00e9l las resuelve del tir\u00f3n.\u00a0<\/span><\/p>\n<p><span style=\"font-weight: 400;\">A Pl\u00e1cido tambi\u00e9n le he escuchado en varias ocasiones, suele llevar un gui\u00f3n escrito, aunque luego siempre improvisa y cuenta amenas an\u00e9cdotas.\u00a0<\/span><\/p>\n<p><span style=\"font-weight: 400;\">El punto final lo puso Lola,\u00a0 nieta de Pl\u00e1cido. Lola,de 12 a\u00f1os, emocion\u00f3 a los presentes leyendo la Plaza Alta que Pl\u00e1cido escribi\u00f3 a su madre cuando muri\u00f3.\u00a0<\/span><\/p>\n<p><span style=\"font-weight: 400;\">No puedo terminar\u00a0 sin decirle a Joshua que llene, que con este cartel no queremos irnos.<\/span><\/p>\n<!-- AddThis Advanced Settings generic via filter on the_content --><!-- AddThis Share Buttons generic via filter on the_content -->","protected":false},"excerpt":{"rendered":"<p>&nbsp; &nbsp; \u00a0 Pl\u00e1cido present\u00f3 en la feria del libro cien art\u00edculos publicados en esta secci\u00f3n de Plaza Alta. La mesa del escenario la compon\u00edan: Tom\u00e1s Mart\u00edn Tamayo, (Campillo de Llerena) Pl\u00e1cido, (Puebla de la Reina) y Antonio Vera, (Azuaga). Trabaj\u00e9 con Antonio m\u00e1s de 15 a\u00f1os. Pasaba consulta en el centro de salud de [&hellip;]<!-- AddThis Advanced Settings generic via filter on get_the_excerpt --><!-- AddThis Share Buttons generic via filter on get_the_excerpt --><\/p>\n","protected":false},"author":10,"featured_media":1284,"comment_status":"open","ping_status":"closed","sticky":false,"template":"","format":"standard","meta":[],"categories":[2],"tags":[103,442,1446],"_links":{"self":[{"href":"https:\/\/blogs.hoy.es\/migas-canas\/wp-json\/wp\/v2\/posts\/1898"}],"collection":[{"href":"https:\/\/blogs.hoy.es\/migas-canas\/wp-json\/wp\/v2\/posts"}],"about":[{"href":"https:\/\/blogs.hoy.es\/migas-canas\/wp-json\/wp\/v2\/types\/post"}],"author":[{"embeddable":true,"href":"https:\/\/blogs.hoy.es\/migas-canas\/wp-json\/wp\/v2\/users\/10"}],"replies":[{"embeddable":true,"href":"https:\/\/blogs.hoy.es\/migas-canas\/wp-json\/wp\/v2\/comments?post=1898"}],"version-history":[{"count":2,"href":"https:\/\/blogs.hoy.es\/migas-canas\/wp-json\/wp\/v2\/posts\/1898\/revisions"}],"predecessor-version":[{"id":1900,"href":"https:\/\/blogs.hoy.es\/migas-canas\/wp-json\/wp\/v2\/posts\/1898\/revisions\/1900"}],"wp:featuredmedia":[{"embeddable":true,"href":"https:\/\/blogs.hoy.es\/migas-canas\/wp-json\/wp\/v2\/media\/1284"}],"wp:attachment":[{"href":"https:\/\/blogs.hoy.es\/migas-canas\/wp-json\/wp\/v2\/media?parent=1898"}],"wp:term":[{"taxonomy":"category","embeddable":true,"href":"https:\/\/blogs.hoy.es\/migas-canas\/wp-json\/wp\/v2\/categories?post=1898"},{"taxonomy":"post_tag","embeddable":true,"href":"https:\/\/blogs.hoy.es\/migas-canas\/wp-json\/wp\/v2\/tags?post=1898"}],"curies":[{"name":"wp","href":"https:\/\/api.w.org\/{rel}","templated":true}]}}