{"id":1902,"date":"2023-05-26T16:45:23","date_gmt":"2023-05-26T15:45:23","guid":{"rendered":"https:\/\/blogs.hoy.es\/migas-canas\/?p=1902"},"modified":"2023-05-26T16:45:23","modified_gmt":"2023-05-26T15:45:23","slug":"san-francisco-2","status":"publish","type":"post","link":"https:\/\/blogs.hoy.es\/migas-canas\/2023\/05\/26\/san-francisco-2\/","title":{"rendered":"SAN FRANCISCO"},"content":{"rendered":"<p>&nbsp;<\/p>\n<p><span style=\"font-weight: 400;\">\u00a0<a href=\"https:\/\/static-blogs.hoy.es\/wp-content\/uploads\/sites\/8\/2019\/10\/DSCN1026-4.jpg\"><img loading=\"lazy\" class=\" wp-image-1458 aligncenter\" src=\"https:\/\/static-blogs.hoy.es\/wp-content\/uploads\/sites\/8\/2019\/10\/DSCN1026-4-300x287.jpg\" alt=\"\" width=\"627\" height=\"600\" srcset=\"https:\/\/static-blogs.hoy.es\/wp-content\/uploads\/sites\/8\/2019\/10\/DSCN1026-4-300x287.jpg 300w, https:\/\/static-blogs.hoy.es\/wp-content\/uploads\/sites\/8\/2019\/10\/DSCN1026-4.jpg 452w\" sizes=\"(max-width: 627px) 100vw, 627px\" \/><\/a><\/span><\/p>\n<p><span style=\"font-weight: 400;\">El s\u00e1bado pasado estuve sentado en un velador del paseo de San Francisco. Estaba tan a gusto que ped\u00ed un bocata de calamares. La \u00faltima vez que hice esto, San Francisco era\u00a0 tan familiar para mi\u00a0 que le llamaba San Paco (hace m\u00e1s de 30 a\u00f1os). Entonces el olor dulz\u00f3n de hach\u00eds y pachuli envolv\u00eda una atm\u00f3sfera de inquietudes culturales y pol\u00edticas. En el ambiente se respiraba un permanente run run, como si fuese a pasar algo aunque luego nunca pasaba nada. \u00c9ramos tan\u00a0 j\u00f3venes que en el fondo lo que dese\u00e1bamos era ligar cara a cara acariciando un cuerpo femenino y no las fr\u00edas teclas de un ordenador como se hace ahora. Escond\u00edamos\u00a0 cuerpos atl\u00e9ticos dentro de jers\u00e9is hechos a mano que con el uso\u00a0 estiraban hasta las rodillas. Esto junto con alg\u00fan pin del Che, una tupida barba y\u00a0 pelos largos compon\u00edan la est\u00e9tica de los progres de la \u00e9poca. En nuestro af\u00e1n por ser \u00fanicos\u00a0 \u00edbamos todos uniformados como militares sin graduaci\u00f3n.\u00a0<\/span><\/p>\n<p><span style=\"font-weight: 400;\"><a href=\"https:\/\/static-blogs.hoy.es\/wp-content\/uploads\/sites\/8\/2020\/10\/DSCN1025-2.jpg\"><img loading=\"lazy\" class=\"wp-image-1580 aligncenter\" src=\"https:\/\/static-blogs.hoy.es\/wp-content\/uploads\/sites\/8\/2020\/10\/DSCN1025-2-300x258.jpg\" alt=\"\" width=\"670\" height=\"576\" srcset=\"https:\/\/static-blogs.hoy.es\/wp-content\/uploads\/sites\/8\/2020\/10\/DSCN1025-2-300x258.jpg 300w, https:\/\/static-blogs.hoy.es\/wp-content\/uploads\/sites\/8\/2020\/10\/DSCN1025-2.jpg 478w\" sizes=\"(max-width: 670px) 100vw, 670px\" \/><\/a><\/span><\/p>\n<p><span style=\"font-weight: 400;\">Algunas tardes la Kaita se sentaba\u00a0 en el umbral del kiosco de la m\u00fasica con su hermano Nene a la guitarra, y se arrancaba con un cante que no era tan apreciado como ahora, pocos distingu\u00edan entre tangos y jaleos. En aquella \u00e9poca\u00a0 nos emocion\u00e1bamos\u00a0 gritando las letras de Jarcha y las de cantautores que contuviera la palabra libertad.<\/span><\/p>\n<!-- AddThis Advanced Settings generic via filter on the_content --><!-- AddThis Share Buttons generic via filter on the_content -->","protected":false},"excerpt":{"rendered":"<p>&nbsp; \u00a0 El s\u00e1bado pasado estuve sentado en un velador del paseo de San Francisco. Estaba tan a gusto que ped\u00ed un bocata de calamares. La \u00faltima vez que hice esto, San Francisco era\u00a0 tan familiar para mi\u00a0 que le llamaba San Paco (hace m\u00e1s de 30 a\u00f1os). Entonces el olor dulz\u00f3n de hach\u00eds y [&hellip;]<!-- AddThis Advanced Settings generic via filter on get_the_excerpt --><!-- AddThis Share Buttons generic via filter on get_the_excerpt --><\/p>\n","protected":false},"author":10,"featured_media":1284,"comment_status":"open","ping_status":"closed","sticky":false,"template":"","format":"standard","meta":[],"categories":[2],"tags":[1701,1702,1704,553,1703,1421,941],"_links":{"self":[{"href":"https:\/\/blogs.hoy.es\/migas-canas\/wp-json\/wp\/v2\/posts\/1902"}],"collection":[{"href":"https:\/\/blogs.hoy.es\/migas-canas\/wp-json\/wp\/v2\/posts"}],"about":[{"href":"https:\/\/blogs.hoy.es\/migas-canas\/wp-json\/wp\/v2\/types\/post"}],"author":[{"embeddable":true,"href":"https:\/\/blogs.hoy.es\/migas-canas\/wp-json\/wp\/v2\/users\/10"}],"replies":[{"embeddable":true,"href":"https:\/\/blogs.hoy.es\/migas-canas\/wp-json\/wp\/v2\/comments?post=1902"}],"version-history":[{"count":1,"href":"https:\/\/blogs.hoy.es\/migas-canas\/wp-json\/wp\/v2\/posts\/1902\/revisions"}],"predecessor-version":[{"id":1903,"href":"https:\/\/blogs.hoy.es\/migas-canas\/wp-json\/wp\/v2\/posts\/1902\/revisions\/1903"}],"wp:featuredmedia":[{"embeddable":true,"href":"https:\/\/blogs.hoy.es\/migas-canas\/wp-json\/wp\/v2\/media\/1284"}],"wp:attachment":[{"href":"https:\/\/blogs.hoy.es\/migas-canas\/wp-json\/wp\/v2\/media?parent=1902"}],"wp:term":[{"taxonomy":"category","embeddable":true,"href":"https:\/\/blogs.hoy.es\/migas-canas\/wp-json\/wp\/v2\/categories?post=1902"},{"taxonomy":"post_tag","embeddable":true,"href":"https:\/\/blogs.hoy.es\/migas-canas\/wp-json\/wp\/v2\/tags?post=1902"}],"curies":[{"name":"wp","href":"https:\/\/api.w.org\/{rel}","templated":true}]}}