{"id":1904,"date":"2023-06-02T16:41:15","date_gmt":"2023-06-02T15:41:15","guid":{"rendered":"https:\/\/blogs.hoy.es\/migas-canas\/?p=1904"},"modified":"2023-06-02T16:42:00","modified_gmt":"2023-06-02T15:42:00","slug":"maestros","status":"publish","type":"post","link":"https:\/\/blogs.hoy.es\/migas-canas\/2023\/06\/02\/maestros\/","title":{"rendered":"MAESTROS"},"content":{"rendered":"<p>&nbsp;<\/p>\n<p><a href=\"https:\/\/static-blogs.hoy.es\/wp-content\/uploads\/sites\/8\/2022\/05\/DSC08715.jpg\"><img loading=\"lazy\" class=\" wp-image-1763 aligncenter\" src=\"https:\/\/static-blogs.hoy.es\/wp-content\/uploads\/sites\/8\/2022\/05\/DSC08715-300x200.jpg\" alt=\"\" width=\"570\" height=\"380\" srcset=\"https:\/\/static-blogs.hoy.es\/wp-content\/uploads\/sites\/8\/2022\/05\/DSC08715-300x200.jpg 300w, https:\/\/static-blogs.hoy.es\/wp-content\/uploads\/sites\/8\/2022\/05\/DSC08715-768x512.jpg 768w, https:\/\/static-blogs.hoy.es\/wp-content\/uploads\/sites\/8\/2022\/05\/DSC08715-1024x683.jpg 1024w, https:\/\/static-blogs.hoy.es\/wp-content\/uploads\/sites\/8\/2022\/05\/DSC08715.jpg 1500w\" sizes=\"(max-width: 570px) 100vw, 570px\" \/><\/a><\/p>\n<p><span style=\"font-weight: 400;\">Hace una semana public\u00f3 este peri\u00f3dico un reportaje de Assan, juvenil del Betis procedente de Badajoz. El periodista escrib\u00eda de la proyecci\u00f3n que tiene como futbolista y de los equipos punteros que est\u00e1n interesados en \u00e9l. Yo\u00a0 hab\u00eda o\u00eddo hablar de este muchacho antes, cuando\u00a0 era ni\u00f1o. Seg\u00fan dec\u00eda mi hermana, que fue su maestra, era inteligente, humilde y ten\u00eda una fuerza de voluntad de hierro provocada por sus or\u00edgenes. Su padre lleg\u00f3 a Espa\u00f1a en patera para ayudar a su familia, ahora trabaja de chapista. <\/span><\/p>\n<p><span style=\"font-weight: 400;\">Asan tambi\u00e9n tuvo suerte con su maestra. Los maestros son parte del triunfo de sus alumnos. Cuando le preguntan a personas con \u00e9xito de d\u00f3nde le viene la vocaci\u00f3n, suelen contestar: de aquel maestro que tuve en la escuela que me descubri\u00f3 la literatura,la ciencia,el arte\u2026 Los que tenemos hijos y nos hemos sentados a estudiar con ellos, sabemos la dificultad que entra\u00f1a ense\u00f1ar. <\/span><\/p>\n<p><span style=\"font-weight: 400;\">S\u00e9 del trabajo de los maestros porque todos mis hermanos y la mayor\u00eda de mis sobrinos se han dedicado a la ense\u00f1anza. Un trocito del \u00e9xito de Asan, alumno del Manuel Pacheco, tambi\u00e9n pertenece a su maestra que\u00a0 se siente tan orgullosa de sus alumnos como ellos,de su profesora. <\/span><\/p>\n<!-- AddThis Advanced Settings generic via filter on the_content --><!-- AddThis Share Buttons generic via filter on the_content -->","protected":false},"excerpt":{"rendered":"<p>&nbsp; Hace una semana public\u00f3 este peri\u00f3dico un reportaje de Assan, juvenil del Betis procedente de Badajoz. El periodista escrib\u00eda de la proyecci\u00f3n que tiene como futbolista y de los equipos punteros que est\u00e1n interesados en \u00e9l. Yo\u00a0 hab\u00eda o\u00eddo hablar de este muchacho antes, cuando\u00a0 era ni\u00f1o. Seg\u00fan dec\u00eda mi hermana, que fue su [&hellip;]<!-- AddThis Advanced Settings generic via filter on get_the_excerpt --><!-- AddThis Share Buttons generic via filter on get_the_excerpt --><\/p>\n","protected":false},"author":10,"featured_media":0,"comment_status":"open","ping_status":"closed","sticky":false,"template":"","format":"standard","meta":[],"categories":[2],"tags":[1705],"_links":{"self":[{"href":"https:\/\/blogs.hoy.es\/migas-canas\/wp-json\/wp\/v2\/posts\/1904"}],"collection":[{"href":"https:\/\/blogs.hoy.es\/migas-canas\/wp-json\/wp\/v2\/posts"}],"about":[{"href":"https:\/\/blogs.hoy.es\/migas-canas\/wp-json\/wp\/v2\/types\/post"}],"author":[{"embeddable":true,"href":"https:\/\/blogs.hoy.es\/migas-canas\/wp-json\/wp\/v2\/users\/10"}],"replies":[{"embeddable":true,"href":"https:\/\/blogs.hoy.es\/migas-canas\/wp-json\/wp\/v2\/comments?post=1904"}],"version-history":[{"count":1,"href":"https:\/\/blogs.hoy.es\/migas-canas\/wp-json\/wp\/v2\/posts\/1904\/revisions"}],"predecessor-version":[{"id":1905,"href":"https:\/\/blogs.hoy.es\/migas-canas\/wp-json\/wp\/v2\/posts\/1904\/revisions\/1905"}],"wp:attachment":[{"href":"https:\/\/blogs.hoy.es\/migas-canas\/wp-json\/wp\/v2\/media?parent=1904"}],"wp:term":[{"taxonomy":"category","embeddable":true,"href":"https:\/\/blogs.hoy.es\/migas-canas\/wp-json\/wp\/v2\/categories?post=1904"},{"taxonomy":"post_tag","embeddable":true,"href":"https:\/\/blogs.hoy.es\/migas-canas\/wp-json\/wp\/v2\/tags?post=1904"}],"curies":[{"name":"wp","href":"https:\/\/api.w.org\/{rel}","templated":true}]}}