{"id":1909,"date":"2023-06-16T16:55:10","date_gmt":"2023-06-16T15:55:10","guid":{"rendered":"https:\/\/blogs.hoy.es\/migas-canas\/?p=1909"},"modified":"2023-06-16T17:33:07","modified_gmt":"2023-06-16T16:33:07","slug":"tiendas-de-barrio-3","status":"publish","type":"post","link":"https:\/\/blogs.hoy.es\/migas-canas\/2023\/06\/16\/tiendas-de-barrio-3\/","title":{"rendered":"TIENDAS DE BARRIO"},"content":{"rendered":"<p><span style=\"font-weight: 400;\"><a href=\"https:\/\/static-blogs.hoy.es\/wp-content\/uploads\/sites\/8\/2021\/12\/DSC04130.jpg\"><img loading=\"lazy\" class=\" wp-image-1688 aligncenter\" src=\"https:\/\/static-blogs.hoy.es\/wp-content\/uploads\/sites\/8\/2021\/12\/DSC04130-300x200.jpg\" alt=\"\" width=\"616\" height=\"410\" srcset=\"https:\/\/static-blogs.hoy.es\/wp-content\/uploads\/sites\/8\/2021\/12\/DSC04130-300x200.jpg 300w, https:\/\/static-blogs.hoy.es\/wp-content\/uploads\/sites\/8\/2021\/12\/DSC04130-768x511.jpg 768w, https:\/\/static-blogs.hoy.es\/wp-content\/uploads\/sites\/8\/2021\/12\/DSC04130-1024x682.jpg 1024w, https:\/\/static-blogs.hoy.es\/wp-content\/uploads\/sites\/8\/2021\/12\/DSC04130.jpg 1364w\" sizes=\"(max-width: 616px) 100vw, 616px\" \/><\/a><\/span><\/p>\n<p><span style=\"font-weight: 400;\">Aunque algunos s\u00e1bados voy a Mercadona donde m\u00e1s me gusta comprar es en las tiendas de barrio. Hoy entro en la droguer\u00eda Meli, que es como entrar en el para\u00edso de los buenos olores. La droguer\u00eda sigue llam\u00e1ndose como su primera due\u00f1a. El cartel que adorna la fachada\u00a0 dice que abri\u00f3 en 1973.\u00a0<\/span><\/p>\n<p><span style=\"font-weight: 400;\">La droguer\u00eda est\u00e1 situada en una esquina del pasaje de Zafer, frente al bar el Punto y un kiosco de prensa que lleva m\u00e1s de un a\u00f1o cerrado.\u00a0<\/span><\/p>\n<p><span style=\"font-weight: 400;\">Julio. Decir Julio es decir Meli, amabilidad, cortes\u00eda, educaci\u00f3n\u2026 No s\u00e9 si es propietario o empleado pero el negocio lo defiende como suyo. Julio lleva a\u00f1os detr\u00e1s del mostrador, recibe a sus clientes con una sonrisa, incluso a los que despu\u00e9s de probar varios\u00a0 perfumes se van sin comprar. Algunos entran\u00a0 a charlar. Las tiendas peque\u00f1as no solo sirven para que los vecinos tengan productos a mano, tambi\u00e9n para combatir la soledad de un barrio que ha envejecido. Un barrio que mezcla personas mayores con j\u00f3venes estudiantes y alg\u00fan sudamericano que trabaja como cuidador. Julio tiene conversaci\u00f3n para todos. Entrar en el local\u00a0 produce sosiego por esa simetr\u00eda de cajas ,botes\u00a0 y frascos ordenados por tama\u00f1o, marcas y usos, aunque su colocaci\u00f3n obedezca\u00a0 m\u00e1s a criterios de intuici\u00f3n que a las reglas del dise\u00f1o.<\/span><\/p>\n<!-- AddThis Advanced Settings generic via filter on the_content --><!-- AddThis Share Buttons generic via filter on the_content -->","protected":false},"excerpt":{"rendered":"<p>Aunque algunos s\u00e1bados voy a Mercadona donde m\u00e1s me gusta comprar es en las tiendas de barrio. Hoy entro en la droguer\u00eda Meli, que es como entrar en el para\u00edso de los buenos olores. La droguer\u00eda sigue llam\u00e1ndose como su primera due\u00f1a. El cartel que adorna la fachada\u00a0 dice que abri\u00f3 en 1973.\u00a0 La droguer\u00eda [&hellip;]<!-- AddThis Advanced Settings generic via filter on get_the_excerpt --><!-- AddThis Share Buttons generic via filter on get_the_excerpt --><\/p>\n","protected":false},"author":10,"featured_media":1284,"comment_status":"open","ping_status":"closed","sticky":false,"template":"","format":"standard","meta":[],"categories":[2],"tags":[1712,1508,1710,1711],"_links":{"self":[{"href":"https:\/\/blogs.hoy.es\/migas-canas\/wp-json\/wp\/v2\/posts\/1909"}],"collection":[{"href":"https:\/\/blogs.hoy.es\/migas-canas\/wp-json\/wp\/v2\/posts"}],"about":[{"href":"https:\/\/blogs.hoy.es\/migas-canas\/wp-json\/wp\/v2\/types\/post"}],"author":[{"embeddable":true,"href":"https:\/\/blogs.hoy.es\/migas-canas\/wp-json\/wp\/v2\/users\/10"}],"replies":[{"embeddable":true,"href":"https:\/\/blogs.hoy.es\/migas-canas\/wp-json\/wp\/v2\/comments?post=1909"}],"version-history":[{"count":4,"href":"https:\/\/blogs.hoy.es\/migas-canas\/wp-json\/wp\/v2\/posts\/1909\/revisions"}],"predecessor-version":[{"id":1913,"href":"https:\/\/blogs.hoy.es\/migas-canas\/wp-json\/wp\/v2\/posts\/1909\/revisions\/1913"}],"wp:featuredmedia":[{"embeddable":true,"href":"https:\/\/blogs.hoy.es\/migas-canas\/wp-json\/wp\/v2\/media\/1284"}],"wp:attachment":[{"href":"https:\/\/blogs.hoy.es\/migas-canas\/wp-json\/wp\/v2\/media?parent=1909"}],"wp:term":[{"taxonomy":"category","embeddable":true,"href":"https:\/\/blogs.hoy.es\/migas-canas\/wp-json\/wp\/v2\/categories?post=1909"},{"taxonomy":"post_tag","embeddable":true,"href":"https:\/\/blogs.hoy.es\/migas-canas\/wp-json\/wp\/v2\/tags?post=1909"}],"curies":[{"name":"wp","href":"https:\/\/api.w.org\/{rel}","templated":true}]}}