{"id":191,"date":"2012-11-17T08:45:19","date_gmt":"2012-11-17T07:45:19","guid":{"rendered":"http:\/\/blogs.hoy.es\/migas-canas\/?p=191"},"modified":"2012-11-17T08:45:19","modified_gmt":"2012-11-17T07:45:19","slug":"la-manifestacion","status":"publish","type":"post","link":"https:\/\/blogs.hoy.es\/migas-canas\/2012\/11\/17\/la-manifestacion\/","title":{"rendered":"LA MANIFESTACI\u00d3N"},"content":{"rendered":"<p><strong><a href=\"\/migas-canas\/wp-content\/uploads\/sites\/8\/2012\/11\/imanifestacaci\u00f3n.jpg\"><img loading=\"lazy\" class=\"aligncenter size-full wp-image-192\" title=\"imanifestacaci\u00f3n\" src=\"\/migas-canas\/wp-content\/uploads\/sites\/8\/2012\/11\/imanifestacaci\u00f3n.jpg\" alt=\"\" width=\"259\" height=\"194\" \/><\/a>Voy solo por la calle. Camino hacia la plaza de Espa\u00f1a. Es 14 de noviembre, a la 18 comienza la manifestaci\u00f3n<\/strong>. Paso por Mar\u00eda Auxiliadora, por la Avenida de Villanueva, junto al Corte Ingl\u00e9s, entro en la Avenida de Huelva, huele a casta\u00f1as asadas.<\/p>\n<p><strong>Veo a muchas personas que siguen su rutina, que van y vienen indiferente a la manifestaci\u00f3n.<\/strong><\/p>\n<p>Paso por San Francisco, desde el kiosco de la m\u00fasica suena una canci\u00f3n de <strong>Serrat<\/strong> \u201c<strong>entre esos tipos y yo hay algo personal\u201d<\/strong> algunos llevan mi mismo camino, otra viven indiferente a esta manifestaci\u00f3n pac\u00edfica que se concentra unos metros m\u00e1s arriba, quiz\u00e1s, muchas de ellos, ser\u00e1n los que estan sufriendo las consecuencias de las medidas del gobierno destinadas a los m\u00e1s d\u00e9biles.<\/p>\n<p><strong>Muchos de los que pasan a mi lado piensan que esto no va con ellos, que las cosas llevan su propio camino, que son otros quien las tienen que resolver.<\/strong> Quiz\u00e1s la huelga no sea un buen sistema de protesta porque hay muchos que no pueden faltar al trabajo pero una manifestaci\u00f3n no tiene coste.<\/p>\n<p><strong>Pienso en todas las medidas de Rajoy para sacar adelante al pa\u00eds, a los bancos y y a los suyos, no sabr\u00eda elegir la m\u00e1s inhumana,<\/strong> quiz\u00e1s quitar parte del sueldo cuando enfermas o la rebaja de ayudas a los ancianos dependendientes, con esta crisis es mejor no enfermar ni envejecer.<strong>La gente se suicida porque no puede pagar sus casas al banco.<\/strong><\/p>\n<p>Muchas personas siguen paseando por Badajoz indiferente ante las protestas. Quiz\u00e1s sea verdad aquello de que tenemos lo que nos merecemos. quiz\u00e1s muchos de los que pasan indiferentes a esta manifestaci\u00f3n son aquellos que gana 1.000 euros al mes y les has quitado parte de su sueldo y la paga extraordinaria y siguen pagando una hipoteca, que sube cada a\u00f1o, igual que la luz, el agua, el gas y el pan.<strong>Personas mileuristas que destina parte de su sueldo en pagar,durante 30 a\u00f1os, la casa donde viven y tienen el sueldo ajustado como el <a href=\"\/migas-canas\/wp-content\/uploads\/sites\/8\/2012\/11\/manifestacion-dos.jpg\"><img loading=\"lazy\" class=\"alignleft size-full wp-image-193\" title=\"manifestacion  dos\" src=\"\/migas-canas\/wp-content\/uploads\/sites\/8\/2012\/11\/manifestacion-dos.jpg\" alt=\"\" width=\"237\" height=\"213\" \/><\/a>guante de rita hauworth<\/strong>. O desempleados.<\/p>\n<p>Se multiplican las personas a las que le quitan la casa y su deuda permanece para sacar adelante lo \u00fanico que importa a este pa\u00eds dirigido desde fuera.<\/p>\n<p>Los \u00fanicos no afectados por la crisis sabemos todos quienes son, <strong>esos que dicen que es el mayor problema del pa\u00eds y que no se bajan sueldos ni se quitan d\u00edas de vacaciones y viven en un mundo diferente de las personas que un domingo se molestaron en ir a votarlos.<\/strong><\/p>\n<!-- AddThis Advanced Settings generic via filter on the_content --><!-- AddThis Share Buttons generic via filter on the_content -->","protected":false},"excerpt":{"rendered":"<p>Voy solo por la calle. Camino hacia la plaza de Espa\u00f1a. Es 14 de noviembre, a la 18 comienza la manifestaci\u00f3n. Paso por Mar\u00eda Auxiliadora, por la Avenida de Villanueva, junto al Corte Ingl\u00e9s, entro en la Avenida de Huelva, huele a casta\u00f1as asadas. Veo a muchas personas que siguen su rutina, que van y [&hellip;]<!-- AddThis Advanced Settings generic via filter on get_the_excerpt --><!-- AddThis Share Buttons generic via filter on get_the_excerpt --><\/p>\n","protected":false},"author":10,"featured_media":0,"comment_status":"open","ping_status":"closed","sticky":false,"template":"","format":"standard","meta":[],"categories":[3],"tags":[88,312,523,595,672,691,730,859,941,963],"_links":{"self":[{"href":"https:\/\/blogs.hoy.es\/migas-canas\/wp-json\/wp\/v2\/posts\/191"}],"collection":[{"href":"https:\/\/blogs.hoy.es\/migas-canas\/wp-json\/wp\/v2\/posts"}],"about":[{"href":"https:\/\/blogs.hoy.es\/migas-canas\/wp-json\/wp\/v2\/types\/post"}],"author":[{"embeddable":true,"href":"https:\/\/blogs.hoy.es\/migas-canas\/wp-json\/wp\/v2\/users\/10"}],"replies":[{"embeddable":true,"href":"https:\/\/blogs.hoy.es\/migas-canas\/wp-json\/wp\/v2\/comments?post=191"}],"version-history":[{"count":0,"href":"https:\/\/blogs.hoy.es\/migas-canas\/wp-json\/wp\/v2\/posts\/191\/revisions"}],"wp:attachment":[{"href":"https:\/\/blogs.hoy.es\/migas-canas\/wp-json\/wp\/v2\/media?parent=191"}],"wp:term":[{"taxonomy":"category","embeddable":true,"href":"https:\/\/blogs.hoy.es\/migas-canas\/wp-json\/wp\/v2\/categories?post=191"},{"taxonomy":"post_tag","embeddable":true,"href":"https:\/\/blogs.hoy.es\/migas-canas\/wp-json\/wp\/v2\/tags?post=191"}],"curies":[{"name":"wp","href":"https:\/\/api.w.org\/{rel}","templated":true}]}}