{"id":1915,"date":"2023-06-23T17:59:03","date_gmt":"2023-06-23T16:59:03","guid":{"rendered":"https:\/\/blogs.hoy.es\/migas-canas\/?p=1915"},"modified":"2023-06-23T17:59:25","modified_gmt":"2023-06-23T16:59:25","slug":"manolo-union","status":"publish","type":"post","link":"https:\/\/blogs.hoy.es\/migas-canas\/2023\/06\/23\/manolo-union\/","title":{"rendered":"MANOLO UNI\u00d3N"},"content":{"rendered":"<p>&nbsp;<\/p>\n<p><span style=\"font-weight: 400;\"><a href=\"https:\/\/static-blogs.hoy.es\/wp-content\/uploads\/sites\/8\/2023\/06\/DSC058172.jpg\"><img loading=\"lazy\" class=\" wp-image-1916 aligncenter\" src=\"https:\/\/static-blogs.hoy.es\/wp-content\/uploads\/sites\/8\/2023\/06\/DSC058172-300x169.jpg\" alt=\"\" width=\"802\" height=\"452\" srcset=\"https:\/\/static-blogs.hoy.es\/wp-content\/uploads\/sites\/8\/2023\/06\/DSC058172-300x169.jpg 300w, https:\/\/static-blogs.hoy.es\/wp-content\/uploads\/sites\/8\/2023\/06\/DSC058172-768x432.jpg 768w, https:\/\/static-blogs.hoy.es\/wp-content\/uploads\/sites\/8\/2023\/06\/DSC058172-1024x576.jpg 1024w\" sizes=\"(max-width: 802px) 100vw, 802px\" \/><\/a><\/span><\/p>\n<p>&nbsp;<\/p>\n<p><span style=\"font-weight: 400;\">S\u00e9 de d\u00f3nde vienes, le dije cuando le vi entrar por el polideportivo de la Granadilla.<\/span><\/p>\n<p><span style=\"font-weight: 400;\">Vienes de la biblioteca.\u00a0<\/span><\/p>\n<p><span style=\"font-weight: 400;\">Su rutina diaria, la rutina de un campe\u00f3n que sigue cultivando mente y cuerpo a sus casi 80 a\u00f1os. Su primera actividad del d\u00eda es leer los peri\u00f3dicos, luego entrenar. Me dijo que el \u00faltimo campeonato hab\u00eda conseguido cinco medallas. Acumula triunfos desde muy joven, cuando\u00a0 empez\u00f3 a destacar en nataci\u00f3n, vela, salto con p\u00e9rtiga, vallas y velocidad. No es famoso porque no ha sido futbolista, aunque s\u00ed preparador de baloncesto. Tiene alquilado un trastero donde guarda las medallas, porque no le caben en casa, otras las regala, a mi me regal\u00f3 una que conservo como m\u00eda. Lolo es probablemente el mejor deportista que ha dado Badajoz, no solo por sus triunfos si no por la forma sana y sencilla de vivir el deporte, comparte con todo el que se acerca sus conocimientos. Hombre de vasta cultura y conversaci\u00f3n apasionada, se le puede ver, adem\u00e1s de en la biblioteca y la Granadilla, en acontecimientos culturales: presentaciones de libros, conferencias, exposiciones\u2026 Surgi\u00f3 hace unos a\u00f1os, en este peri\u00f3dico, una voz popular de lectores que a trav\u00e9s de carta al director solicitaron que el polideportivo de la Granadilla se llamara Manolo Uni\u00f3n. Todav\u00eda estamos a tiempo.<\/span><\/p>\n<p><span style=\"font-weight: 400;\">S\u00e9 de d\u00f3nde vienes, le dije cuando le vi entrar por el polideportivo de la Granadilla.<\/span><\/p>\n<p><span style=\"font-weight: 400;\">Vienes de la biblioteca.\u00a0<\/span><\/p>\n<p><span style=\"font-weight: 400;\">Su rutina diaria, la rutina de un campe\u00f3n que sigue cultivando mente y cuerpo a sus casi 80 a\u00f1os. Su primera actividad del d\u00eda es leer los peri\u00f3dicos, luego entrenar. Me dijo que el \u00faltimo campeonato hab\u00eda conseguido cinco medallas. Acumula triunfos desde muy joven, cuando\u00a0 empez\u00f3 a destacar en nataci\u00f3n, vela, salto con p\u00e9rtiga, vallas y velocidad. No es famoso porque no ha sido futbolista, aunque s\u00ed preparador de baloncesto. Tiene alquilado un trastero donde guarda las medallas, porque no le caben en casa, otras las regala, a mi me regal\u00f3 una que conservo como m\u00eda. Lolo es probablemente el mejor deportista que ha dado Badajoz, no solo por sus triunfos si no por la forma sana y sencilla de vivir el deporte, comparte con todo el que se acerca sus conocimientos. Hombre de vasta cultura y conversaci\u00f3n apasionada, se le puede ver, adem\u00e1s de en la biblioteca y la Granadilla, en acontecimientos culturales: presentaciones de libros, conferencias, exposiciones\u2026 Surgi\u00f3 hace unos a\u00f1os, en este peri\u00f3dico, una voz popular de lectores que a trav\u00e9s de carta al director solicitaron que el polideportivo de la Granadilla se llamara Manolo Uni\u00f3n. Todav\u00eda estamos a tiempo.<\/span><\/p>\n<!-- AddThis Advanced Settings generic via filter on the_content --><!-- AddThis Share Buttons generic via filter on the_content -->","protected":false},"excerpt":{"rendered":"<p>&nbsp; &nbsp; S\u00e9 de d\u00f3nde vienes, le dije cuando le vi entrar por el polideportivo de la Granadilla. Vienes de la biblioteca.\u00a0 Su rutina diaria, la rutina de un campe\u00f3n que sigue cultivando mente y cuerpo a sus casi 80 a\u00f1os. Su primera actividad del d\u00eda es leer los peri\u00f3dicos, luego entrenar. Me dijo que [&hellip;]<!-- AddThis Advanced Settings generic via filter on get_the_excerpt --><!-- AddThis Share Buttons generic via filter on get_the_excerpt --><\/p>\n","protected":false},"author":10,"featured_media":1284,"comment_status":"open","ping_status":"closed","sticky":false,"template":"","format":"standard","meta":[],"categories":[2],"tags":[1713,1339,648],"_links":{"self":[{"href":"https:\/\/blogs.hoy.es\/migas-canas\/wp-json\/wp\/v2\/posts\/1915"}],"collection":[{"href":"https:\/\/blogs.hoy.es\/migas-canas\/wp-json\/wp\/v2\/posts"}],"about":[{"href":"https:\/\/blogs.hoy.es\/migas-canas\/wp-json\/wp\/v2\/types\/post"}],"author":[{"embeddable":true,"href":"https:\/\/blogs.hoy.es\/migas-canas\/wp-json\/wp\/v2\/users\/10"}],"replies":[{"embeddable":true,"href":"https:\/\/blogs.hoy.es\/migas-canas\/wp-json\/wp\/v2\/comments?post=1915"}],"version-history":[{"count":2,"href":"https:\/\/blogs.hoy.es\/migas-canas\/wp-json\/wp\/v2\/posts\/1915\/revisions"}],"predecessor-version":[{"id":1918,"href":"https:\/\/blogs.hoy.es\/migas-canas\/wp-json\/wp\/v2\/posts\/1915\/revisions\/1918"}],"wp:featuredmedia":[{"embeddable":true,"href":"https:\/\/blogs.hoy.es\/migas-canas\/wp-json\/wp\/v2\/media\/1284"}],"wp:attachment":[{"href":"https:\/\/blogs.hoy.es\/migas-canas\/wp-json\/wp\/v2\/media?parent=1915"}],"wp:term":[{"taxonomy":"category","embeddable":true,"href":"https:\/\/blogs.hoy.es\/migas-canas\/wp-json\/wp\/v2\/categories?post=1915"},{"taxonomy":"post_tag","embeddable":true,"href":"https:\/\/blogs.hoy.es\/migas-canas\/wp-json\/wp\/v2\/tags?post=1915"}],"curies":[{"name":"wp","href":"https:\/\/api.w.org\/{rel}","templated":true}]}}