{"id":1921,"date":"2023-06-30T16:07:56","date_gmt":"2023-06-30T15:07:56","guid":{"rendered":"https:\/\/blogs.hoy.es\/migas-canas\/?p=1921"},"modified":"2023-06-30T16:08:37","modified_gmt":"2023-06-30T15:08:37","slug":"1921","status":"publish","type":"post","link":"https:\/\/blogs.hoy.es\/migas-canas\/2023\/06\/30\/1921\/","title":{"rendered":"VACACIONES DE VERANO"},"content":{"rendered":"<p>&nbsp;<\/p>\n<p><span style=\"font-weight: 400;\"><a href=\"https:\/\/static-blogs.hoy.es\/wp-content\/uploads\/sites\/8\/2023\/06\/20190625_201852.jpg\"><img loading=\"lazy\" class=\" wp-image-1920 aligncenter\" src=\"https:\/\/static-blogs.hoy.es\/wp-content\/uploads\/sites\/8\/2023\/06\/20190625_201852-300x169.jpg\" alt=\"\" width=\"624\" height=\"352\" srcset=\"https:\/\/static-blogs.hoy.es\/wp-content\/uploads\/sites\/8\/2023\/06\/20190625_201852-300x169.jpg 300w, https:\/\/static-blogs.hoy.es\/wp-content\/uploads\/sites\/8\/2023\/06\/20190625_201852-768x432.jpg 768w, https:\/\/static-blogs.hoy.es\/wp-content\/uploads\/sites\/8\/2023\/06\/20190625_201852-1024x576.jpg 1024w\" sizes=\"(max-width: 624px) 100vw, 624px\" \/><\/a><\/span><\/p>\n<p><span style=\"font-weight: 400;\">Hemos vivido una feria de San Juan sin la divisi\u00f3n entre casco antiguo y ferial. La feria es pisar albero, casetas, orquesta, cacharritos, pinchitos, churros con chocolate, desplazarse andando, en taxi, autob\u00fas, encontrarte con tu generaci\u00f3n, con los que coincid\u00edas en el Moustache, en 29, en Charlot, en salas de cine, en Castelar, en el Pichi, en el Zurbar\u00e1n, en manifestaciones, en los campos de f\u00fatbol. La feria es\u00a0 ver a tu primera novia, esa que iba a ser para siempre, paseando con su marido y los hijos; ver a tu jefe\u00a0 bailando las canciones de Shakira,\u201dperd\u00f3n que te salpique\u201d; escuchar a Camela en los coches chocantes; sentir Badajoz desde el v\u00e9rtigo de la noria.<\/span><\/p>\n<p><span style=\"font-weight: 400;\">Despu\u00e9s de la feria, Badajoz\u00a0 vuelve a ser esa ciudad dura y hostil de 40 grados, con m\u00e1s asfalto que verde. Paso todos los d\u00edas por un parque de reciente construcci\u00f3n en el Cerro del Viento sin \u00e1rboles, ni c\u00e9sped. Tiene un suelo brillante\u00a0 parecido a un campo de placas solares que produce calor solo con mirarlo.\u00a0<\/span><\/p>\n<p><span style=\"font-weight: 400;\">Llega el verano, tengo\u00a0 vacaciones. Dejo este rinc\u00f3n de los viernes, estas 200 palabras que vuelven en septiembre para seguir hablando de Badajoz, su gente y sus cotidianidades, si no me sustituye una inteligencia artificial.<\/span><\/p>\n<!-- AddThis Advanced Settings generic via filter on the_content --><!-- AddThis Share Buttons generic via filter on the_content -->","protected":false},"excerpt":{"rendered":"<p>&nbsp; Hemos vivido una feria de San Juan sin la divisi\u00f3n entre casco antiguo y ferial. La feria es pisar albero, casetas, orquesta, cacharritos, pinchitos, churros con chocolate, desplazarse andando, en taxi, autob\u00fas, encontrarte con tu generaci\u00f3n, con los que coincid\u00edas en el Moustache, en 29, en Charlot, en salas de cine, en Castelar, en [&hellip;]<!-- AddThis Advanced Settings generic via filter on get_the_excerpt --><!-- AddThis Share Buttons generic via filter on get_the_excerpt --><\/p>\n","protected":false},"author":10,"featured_media":1284,"comment_status":"open","ping_status":"closed","sticky":false,"template":"","format":"standard","meta":[],"categories":[2],"tags":[1715,193,1717,1718,387,441,1714,1716],"_links":{"self":[{"href":"https:\/\/blogs.hoy.es\/migas-canas\/wp-json\/wp\/v2\/posts\/1921"}],"collection":[{"href":"https:\/\/blogs.hoy.es\/migas-canas\/wp-json\/wp\/v2\/posts"}],"about":[{"href":"https:\/\/blogs.hoy.es\/migas-canas\/wp-json\/wp\/v2\/types\/post"}],"author":[{"embeddable":true,"href":"https:\/\/blogs.hoy.es\/migas-canas\/wp-json\/wp\/v2\/users\/10"}],"replies":[{"embeddable":true,"href":"https:\/\/blogs.hoy.es\/migas-canas\/wp-json\/wp\/v2\/comments?post=1921"}],"version-history":[{"count":2,"href":"https:\/\/blogs.hoy.es\/migas-canas\/wp-json\/wp\/v2\/posts\/1921\/revisions"}],"predecessor-version":[{"id":1923,"href":"https:\/\/blogs.hoy.es\/migas-canas\/wp-json\/wp\/v2\/posts\/1921\/revisions\/1923"}],"wp:featuredmedia":[{"embeddable":true,"href":"https:\/\/blogs.hoy.es\/migas-canas\/wp-json\/wp\/v2\/media\/1284"}],"wp:attachment":[{"href":"https:\/\/blogs.hoy.es\/migas-canas\/wp-json\/wp\/v2\/media?parent=1921"}],"wp:term":[{"taxonomy":"category","embeddable":true,"href":"https:\/\/blogs.hoy.es\/migas-canas\/wp-json\/wp\/v2\/categories?post=1921"},{"taxonomy":"post_tag","embeddable":true,"href":"https:\/\/blogs.hoy.es\/migas-canas\/wp-json\/wp\/v2\/tags?post=1921"}],"curies":[{"name":"wp","href":"https:\/\/api.w.org\/{rel}","templated":true}]}}