{"id":195,"date":"2012-11-22T16:36:28","date_gmt":"2012-11-22T15:36:28","guid":{"rendered":"http:\/\/blogs.hoy.es\/migas-canas\/?p=195"},"modified":"2012-11-22T16:36:28","modified_gmt":"2012-11-22T15:36:28","slug":"elvas-badajoz","status":"publish","type":"post","link":"https:\/\/blogs.hoy.es\/migas-canas\/2012\/11\/22\/elvas-badajoz\/","title":{"rendered":"ELVAS-BADAJOZ"},"content":{"rendered":"<p><strong>El domingo 11 estuve como espectador en la media marat\u00f3n Elvas Badajoz<\/strong>. 1.000 <a href=\"\/migas-canas\/wp-content\/uploads\/sites\/8\/2012\/11\/elvas-badajoz.jpg\"><img loading=\"lazy\" class=\"aligncenter size-full wp-image-196\" title=\"elvas badajoz\" src=\"\/migas-canas\/wp-content\/uploads\/sites\/8\/2012\/11\/elvas-badajoz.jpg\" alt=\"\" width=\"276\" height=\"183\" \/><\/a>corredores tomaron la salida.<\/p>\n<p><strong>Cuando yo corr\u00eda, en las primera ediciones, \u00e9ramos unos 300<\/strong>. He visto a muchos de mi generaci\u00f3n que todav\u00eda est\u00e1n en forma, han perdido posiciones en la meta, tardan m\u00e1s tiempo en llegar pero esto no es importante para los que corren solo por el placer de correr.Vi la carrera en la Avenida de Villanueva, pr\u00f3ximo a la meta, reconoc\u00ed, en un grupo de cabeza, a <strong>Manuel Perozo, de Llerena,<\/strong> siempre queda de los primeros, hace a\u00f1os que no lo veo vestido con ropa de calle. Perozo, siendo de un pueblo llano, ha sido campe\u00f3n de Espa\u00f1a en carreras de altas monta\u00f1as. Tambi\u00e9n vi, entre los corredores populares: a <strong>Carmona M\u00e9ndez, el que fue \u00e1rbitro de f\u00fatbol en primera divisi\u00f3n<\/strong>, <strong>al presidente del club de atletismo\u201caacb<\/strong>\u201d y que tiene una p\u00e1gina en internet con la informaci\u00f3n de todas las carreras junto con amplios reportaje fotogr\u00e1fico de los participantes en distintos puntos de la competici\u00f3n; <strong>a un corredor manco, a mi cu\u00f1ado Jorge, he visto a profesores, a militares,a la que me arregla los papeles en Muface.<\/strong> \u00a1<strong>Mira el pediatra de los ni\u00f1os! grito una madre a mi lado. <\/strong>He visto a gente que conozco de Badajoz que no imaginaba que corr\u00edan, a otros con camisetas de club de pueblos, a <a href=\"\/migas-canas\/wp-content\/uploads\/sites\/8\/2012\/11\/maraton-dos1.jpg\"><img loading=\"lazy\" class=\"alignleft size-full wp-image-198\" title=\"maraton dos\" src=\"\/migas-canas\/wp-content\/uploads\/sites\/8\/2012\/11\/maraton-dos1.jpg\" alt=\"\" width=\"275\" height=\"183\" \/><\/a>portugueses a una corredora de Tenerife.<\/p>\n<p>La llegada ha sido emocionante, dos atletas han disputado la victoria al sprint,eso esta bien, pero <strong>a mi me interesan m\u00e1s los \u00faltimos, los h\u00e9roes an\u00f3nimos que le dan a la prueba ese toque \u00e9pico. Me interesan aquellos que llegan a la meta casi a rastras despu\u00e9s de 21 kil\u00f3metros<\/strong>, un esfuerzo que comienza muchos d\u00edas y meses antes, cuando se levantan del sill\u00f3n, haga fr\u00edo o calor, se ponen los pantalones cortos,y las zapatillas y empiezan a correr por la ciudad o los caminos sin dejar que la pereza gane a la voluntad.<\/p>\n<p><strong>El corredor popular sale a entrenar quitando tiempo a la familia, a los amigos, cuidando la alimentaci\u00f3n,limitando su ocio,<\/strong> a cambio de todos estos sacrificio no obtendr\u00e1n dinero, ni prestigio social, solo la satisfaci\u00f3n de haber llegado a la meta, quiz\u00e1s un minuto antes que el a\u00f1o anterior, y tener, al d\u00eda siguiente, unas placenteras agujetas que le dificultar\u00e1n para alzar el brazo cuando explique a sus alumnos, en la pizarra, la rima del soneto, o pisar el embrague del taxi, o aguantar de pie en la cola del paro, o subir las escaleras del hospital para pasar consulta.<\/p>\n<p><strong>La marat\u00f3n es un acto de generosidad, un sacrifio al que el banco, todav\u00eda, no ha puesto precio.<\/strong><\/p>\n<p>&nbsp;<\/p>\n<p>&nbsp;<\/p>\n<!-- AddThis Advanced Settings generic via filter on the_content --><!-- AddThis Share Buttons generic via filter on the_content -->","protected":false},"excerpt":{"rendered":"<p>El domingo 11 estuve como espectador en la media marat\u00f3n Elvas Badajoz. 1.000 corredores tomaron la salida. Cuando yo corr\u00eda, en las primera ediciones, \u00e9ramos unos 300. He visto a muchos de mi generaci\u00f3n que todav\u00eda est\u00e1n en forma, han perdido posiciones en la meta, tardan m\u00e1s tiempo en llegar pero esto no es importante [&hellip;]<!-- AddThis Advanced Settings generic via filter on get_the_excerpt --><!-- AddThis Share Buttons generic via filter on get_the_excerpt --><\/p>\n","protected":false},"author":10,"featured_media":0,"comment_status":"open","ping_status":"closed","sticky":false,"template":"","format":"standard","meta":[],"categories":[2],"tags":[194,216,222,276,311,330,395,515,684,802,835,883,1101],"_links":{"self":[{"href":"https:\/\/blogs.hoy.es\/migas-canas\/wp-json\/wp\/v2\/posts\/195"}],"collection":[{"href":"https:\/\/blogs.hoy.es\/migas-canas\/wp-json\/wp\/v2\/posts"}],"about":[{"href":"https:\/\/blogs.hoy.es\/migas-canas\/wp-json\/wp\/v2\/types\/post"}],"author":[{"embeddable":true,"href":"https:\/\/blogs.hoy.es\/migas-canas\/wp-json\/wp\/v2\/users\/10"}],"replies":[{"embeddable":true,"href":"https:\/\/blogs.hoy.es\/migas-canas\/wp-json\/wp\/v2\/comments?post=195"}],"version-history":[{"count":0,"href":"https:\/\/blogs.hoy.es\/migas-canas\/wp-json\/wp\/v2\/posts\/195\/revisions"}],"wp:attachment":[{"href":"https:\/\/blogs.hoy.es\/migas-canas\/wp-json\/wp\/v2\/media?parent=195"}],"wp:term":[{"taxonomy":"category","embeddable":true,"href":"https:\/\/blogs.hoy.es\/migas-canas\/wp-json\/wp\/v2\/categories?post=195"},{"taxonomy":"post_tag","embeddable":true,"href":"https:\/\/blogs.hoy.es\/migas-canas\/wp-json\/wp\/v2\/tags?post=195"}],"curies":[{"name":"wp","href":"https:\/\/api.w.org\/{rel}","templated":true}]}}