{"id":219,"date":"2013-01-07T12:13:50","date_gmt":"2013-01-07T11:13:50","guid":{"rendered":"http:\/\/blogs.hoy.es\/migas-canas\/?p=219"},"modified":"2013-01-07T12:13:50","modified_gmt":"2013-01-07T11:13:50","slug":"basi-el-gitano-que-pudo-ser-futbolista","status":"publish","type":"post","link":"https:\/\/blogs.hoy.es\/migas-canas\/2013\/01\/07\/basi-el-gitano-que-pudo-ser-futbolista\/","title":{"rendered":"BASI, EL GITANO QUE PUDO SER FUTBOLISTA"},"content":{"rendered":"<p><strong><a href=\"\/migas-canas\/wp-content\/uploads\/sites\/8\/2013\/01\/fuego-fatuo.jpeg\"><img loading=\"lazy\" class=\"aligncenter size-full wp-image-222\" title=\"fuego fatuo\" src=\"\/migas-canas\/wp-content\/uploads\/sites\/8\/2013\/01\/fuego-fatuo.jpeg\" alt=\"\" width=\"259\" height=\"194\" \/><\/a>Cuando escribo esta Plaza Alta todav\u00eda es Navidad<\/strong>. Estoy de vacaciones, me pongo a escribir acompa\u00f1ado por el dulce bullicio de hermanos y sobrinos. <strong>Me fastidia ser feliz a plazo fijo pero no puedo evitar ese tono amielado de la fecha.<\/strong> Escribo desde el coraz\u00f3n dulce del turr\u00f3n de Castuera y el mazap\u00e1n de la Cubana.<br \/>\nEntre el murmullo de ni\u00f1os y adultos van surgiendo palabras sin ideas para formar un art\u00edculo que todav\u00eda no s\u00e9 de qu\u00e9 tratar\u00e1.<br \/>\n<strong>Estoy de vacaciones. Tengo tiempo para pensar y pasear<\/strong>. La vida social de la ciudad transcurre en los bares; entre vinos y tapas de jam\u00f3n, entre langostinos y gin tonic.<\/p>\n<p><strong>Me gustar\u00eda escribir sobre muchas de las personas con las que me he encontrado en la calle y en las tabernas<\/strong> a las que he abrazado y me han abrazado dese\u00e1ndonos suerte, la vamos a necesitar. Pero, desde hace tiempo, llevo pensando en escribir sobre \u00e9l: una persona desconocida, que quiz\u00e1s, en el edulcoramiento de estas fechas, recuerde m\u00e1s lo duro de su an\u00f3nima existencia.<\/p>\n<p><strong>Me cuenta cosas, aunque s\u00e9, que son m\u00e1s interesantes las que calla. Basilio es un gitano que jugaba al f\u00fatbol en el Badajoz<\/strong> cuando yo lo hac\u00eda en el Flecha Negra, no me acuerdo mucho de \u00e9l. Si de algunos de sus compa\u00f1eros: Job,Ferm\u00edn, Espinosa, Francis&#8230;<br \/>\n<strong>Juan, due\u00f1o de la fruter\u00eda donde echa el rato los domingos, confirma que era muy bueno con el bal\u00f3n y que el Atl\u00e9tico de Madrid se intereso por \u00e9l,<\/strong> pero dice que su mala cabeza lo llev\u00f3 por caminos alejados del deporte. \u201c<strong>Ya no tengo vicios, me busco la vida vendiendo ropita\u201d \u201cPadre,. c\u00f3mprame una camiseta por seis euros\u201d.<\/strong><\/p>\n<p><strong>Basilio: simp\u00e1tico, parlanchin y orgulloso de ser gitano<\/strong>, que no sabe cantar ni bailar se arranca,de vez en cuando, por los Chichos. <strong>Recuerda, con nostalgia, cuando viv\u00eda en las Cuesta de Orinaza<\/strong>, donde se sent\u00eda libre rodeado de campo. <strong>Por la noche sal\u00edan a las puerta de casa para hacer candela con pal\u00e9s viejos que le daban en el pol\u00edgono del Nevero. Asaban pectorejo y panceta, beb\u00edan vino, cantaban por Porrina y los Chunguitos<\/strong>.<\/p>\n<p>Ya no vive en las Cuesta, ahora vive en el Gurug\u00fa con su madre. El Gurug\u00fa no le gusta, no se respira esa libertad que exist\u00eda en lo alto del cerro de las Cuestas. Le ahoga la falta de aire, de campo, de fuego;<strong> la libertad de respirar aire fresco oyendo el canto del gallo y el chu chu de un puchero con papas y bacalao en un paisaje de caballos comiendo hierba antes llevarlos a las ferias de \u201cganao\u201d.<\/strong><\/p>\n<p><strong>Todo iba bien Hasta que lleg\u00f3 el suculento negocio de los polvos<\/strong> <strong>blancos; eso que arruinaron vidas para enriquecimiento a unos cuantos<\/strong>.<\/p>\n<!-- AddThis Advanced Settings generic via filter on the_content --><!-- AddThis Share Buttons generic via filter on the_content -->","protected":false},"excerpt":{"rendered":"<p>Cuando escribo esta Plaza Alta todav\u00eda es Navidad. Estoy de vacaciones, me pongo a escribir acompa\u00f1ado por el dulce bullicio de hermanos y sobrinos. Me fastidia ser feliz a plazo fijo pero no puedo evitar ese tono amielado de la fecha. Escribo desde el coraz\u00f3n dulce del turr\u00f3n de Castuera y el mazap\u00e1n de la [&hellip;]<!-- AddThis Advanced Settings generic via filter on get_the_excerpt --><!-- AddThis Share Buttons generic via filter on get_the_excerpt --><\/p>\n","protected":false},"author":10,"featured_media":0,"comment_status":"open","ping_status":"closed","sticky":false,"template":"","format":"standard","meta":[],"categories":[2],"tags":[77,103,135,136,206,328,443,455,465,492,510,559,760,798,825],"_links":{"self":[{"href":"https:\/\/blogs.hoy.es\/migas-canas\/wp-json\/wp\/v2\/posts\/219"}],"collection":[{"href":"https:\/\/blogs.hoy.es\/migas-canas\/wp-json\/wp\/v2\/posts"}],"about":[{"href":"https:\/\/blogs.hoy.es\/migas-canas\/wp-json\/wp\/v2\/types\/post"}],"author":[{"embeddable":true,"href":"https:\/\/blogs.hoy.es\/migas-canas\/wp-json\/wp\/v2\/users\/10"}],"replies":[{"embeddable":true,"href":"https:\/\/blogs.hoy.es\/migas-canas\/wp-json\/wp\/v2\/comments?post=219"}],"version-history":[{"count":0,"href":"https:\/\/blogs.hoy.es\/migas-canas\/wp-json\/wp\/v2\/posts\/219\/revisions"}],"wp:attachment":[{"href":"https:\/\/blogs.hoy.es\/migas-canas\/wp-json\/wp\/v2\/media?parent=219"}],"wp:term":[{"taxonomy":"category","embeddable":true,"href":"https:\/\/blogs.hoy.es\/migas-canas\/wp-json\/wp\/v2\/categories?post=219"},{"taxonomy":"post_tag","embeddable":true,"href":"https:\/\/blogs.hoy.es\/migas-canas\/wp-json\/wp\/v2\/tags?post=219"}],"curies":[{"name":"wp","href":"https:\/\/api.w.org\/{rel}","templated":true}]}}