{"id":23,"date":"2011-01-03T21:08:00","date_gmt":"2011-01-03T21:08:00","guid":{"rendered":"http:\/\/blogs.hoy.es\/migas-canas\/?p=23"},"modified":"2011-01-03T21:08:00","modified_gmt":"2011-01-03T21:08:00","slug":"flechas-negras","status":"publish","type":"post","link":"https:\/\/blogs.hoy.es\/migas-canas\/2011\/01\/03\/flechas-negras\/","title":{"rendered":"FLECHAS NEGRAS"},"content":{"rendered":"<p><P style=\"MARGIN-BOTTOM: 0cm\">FLECHAS NEGRAS<\/p>\n<p> <P style=\"MARGIN-BOTTOM: 0cm\"><\/p>\n<p> <P style=\"MARGIN-BOTTOM: 0cm\">Por la tarde,despu\u00e9s de las clases del instituto ibamos a entrenar tres d\u00edas en semana al campo de la Federeci\u00f3n y que hoy pertenece al Cerro de Reyes. Para llegar ten\u00edamos que atravesar un campo solitario por donde solo hab\u00eda pasto. Hoy; hay pisos, calles, un Centro de Salud, y una futura iglesias. La \u00fanica contrucci\u00f3n junto al campo eran el cementerio que como testigo mudos segu\u00eda nuestro trote cochinero mientras Manolo el gordo, nuestro entrenador, nos vigilaba desde lo alto del cerro.El sab\u00eda bien porque le llaman el cerro del viento.<\/p>\n<p> <P style=\"MARGIN-BOTTOM: 0cm\">Hoy, desde el balc\u00f3n de mi casa veo en el patio de los Salesianos a ni\u00f1os que entrenan. Los ejercicios son distintos, ya no hacen ninguno de los nuestros, ellos tocan, hacen corros, practican la t\u00e9cnica y dominio del bal\u00f3n&#8230;como ha pasado el tiempo,como han evolucionado los entrenamientos.<\/p>\n<p> <P style=\"MARGIN-BOTTOM: 0cm\">Nosotros,Cuando terminamos, despu\u00e9s de la ducha ,regrasabamos a casa corriendo, nunca nos cansabamos, pero si nos daba miendo atravesar,de noche, el campo de juncos por el que se hab\u00eda formado una vereita con nuestro paso. Llegamos a casa. cenabamos y nos poniamos a estudiar para ir al d\u00eda siguiente al instituto. Los s\u00e1bados jugamos a f\u00fatbol con los amigos,los domingos ten\u00edamos partido con el equipo. No haciamos botell\u00f3n, ni hab\u00eda ordenadores, ni tuenti, ni facesbok. Los codos los desgastabamos en la mesa de estudio y no en la barra del bar.<\/p>\n<p> <P style=\"MARGIN-BOTTOM: 0cm\">La barra del bar vino mucho m\u00e1s tarde pero eso es otra historia que contar\u00e9 otro d\u00eda.<\/p>\n<p> <P style=\"MARGIN-BOTTOM: 0cm\">Juano, Gene,Juan Carlos, los hermanos Moralos y los Monroy, Paco Alegre, Macarro, Barroso,Posi,Mart\u00edn, Magari\u00f1o, Rodri,Agujetas y muchos m\u00e1s que crecimos con la educaci\u00f3n espartana del esfuerzo. No se porque, en este d\u00eda navide\u00f1o, me estoy acordando de ellos, Me gusta encontrarlos por la calle, algunos han perdido el pelo, la mayor\u00eda tienen barriga, pero a mi me gusta verlos. Cruzarme con ellos y darnos una palmadita en el hombro. Que es como ese abrazos que nos un\u00eda cuando marcabamos gol.<\/p>\n<!-- AddThis Advanced Settings generic via filter on the_content --><!-- AddThis Share Buttons generic via filter on the_content -->","protected":false},"excerpt":{"rendered":"<p>FLECHAS NEGRAS Por la tarde,despu\u00e9s de las clases del instituto ibamos a entrenar tres d\u00edas en semana al campo de la Federeci\u00f3n y que hoy pertenece al Cerro de Reyes. Para llegar ten\u00edamos que atravesar un campo solitario por donde solo hab\u00eda pasto. Hoy; hay pisos, calles, un Centro de Salud, y una futura iglesias. [&hellip;]<!-- AddThis Advanced Settings generic via filter on get_the_excerpt --><!-- AddThis Share Buttons generic via filter on get_the_excerpt --><\/p>\n","protected":false},"author":10,"featured_media":0,"comment_status":"open","ping_status":"closed","sticky":false,"template":"","format":"standard","meta":[],"categories":[4],"tags":[],"_links":{"self":[{"href":"https:\/\/blogs.hoy.es\/migas-canas\/wp-json\/wp\/v2\/posts\/23"}],"collection":[{"href":"https:\/\/blogs.hoy.es\/migas-canas\/wp-json\/wp\/v2\/posts"}],"about":[{"href":"https:\/\/blogs.hoy.es\/migas-canas\/wp-json\/wp\/v2\/types\/post"}],"author":[{"embeddable":true,"href":"https:\/\/blogs.hoy.es\/migas-canas\/wp-json\/wp\/v2\/users\/10"}],"replies":[{"embeddable":true,"href":"https:\/\/blogs.hoy.es\/migas-canas\/wp-json\/wp\/v2\/comments?post=23"}],"version-history":[{"count":0,"href":"https:\/\/blogs.hoy.es\/migas-canas\/wp-json\/wp\/v2\/posts\/23\/revisions"}],"wp:attachment":[{"href":"https:\/\/blogs.hoy.es\/migas-canas\/wp-json\/wp\/v2\/media?parent=23"}],"wp:term":[{"taxonomy":"category","embeddable":true,"href":"https:\/\/blogs.hoy.es\/migas-canas\/wp-json\/wp\/v2\/categories?post=23"},{"taxonomy":"post_tag","embeddable":true,"href":"https:\/\/blogs.hoy.es\/migas-canas\/wp-json\/wp\/v2\/tags?post=23"}],"curies":[{"name":"wp","href":"https:\/\/api.w.org\/{rel}","templated":true}]}}