{"id":239,"date":"2013-02-25T08:33:04","date_gmt":"2013-02-25T07:33:04","guid":{"rendered":"http:\/\/blogs.hoy.es\/migas-canas\/?p=239"},"modified":"2013-02-25T08:33:04","modified_gmt":"2013-02-25T07:33:04","slug":"mudanzas-2","status":"publish","type":"post","link":"https:\/\/blogs.hoy.es\/migas-canas\/2013\/02\/25\/mudanzas-2\/","title":{"rendered":"MUDANZAS"},"content":{"rendered":"<p><strong>Muchos art\u00edculos de Plazas Alta los he encabezado con la frase \u201csalgo de casa<\/strong>\u201d as\u00ed he escrito : sobre el bar del chino;Juan, el frutero; Carlos y Mercedes, propietarios de ultramarino Ortiz; del gitano;de la ferreter\u00eda; del Viti, el m\u00e1s singular de los tendero que conozco y hasta del kiosco donde compro el HOY.<\/p>\n<p><strong>He cambiado de piso y un paisaje desconocido se despliega ante mis ojos con la visi\u00f3n l\u00e1nguida de la nostalgia y la chispeante del futuro<\/strong>. Desde aqu\u00ed volver\u00e9 a salir de casa para entrar en el bar Marwan, el Anemois,el Entrecinas, la Sucursal que ahora es un italiano, en la calle de atr\u00e1s esta la Cosa Nostra, buen nombre para los tiempos que corren.<strong> Junto a la nueva casa me llama la atenci\u00f3n un establecimientos de auto-lavados de perros que no se si dar\u00e1 para un articulo,a no ser que los perros se laven solos;<\/strong> quiz\u00e1s, por eso, en el paseo, corren, ladran y mean a sus anchas. Tambi\u00e9n hay una peluquer\u00eda unisex, un supermercado donde un educado matrimonio despacha todos los d\u00edas de la semana. Siempre me han gustado las tiendas de barrio en las que un tendero utiliza papel de estraza, l\u00e1piz en la oreja y buen humor. Al final de la avenida hay una Iglesia que antes estaba en una cochera y un Centro de Salud que todav\u00eda es rojo ahora que quieren pintar todos con el color azul Capio.<\/p>\n<p><strong>Escribo desde una casa nueva que aun no es un hogar. Salgo a disfrutar de los amaneceres a un balc\u00f3n que todav\u00eda no siento como propio<\/strong>. Estoy inseguro, temeroso, me asomo con el cuerpo hacia atr\u00e1s antes de superar el v\u00e9rtigo que solo el tiempo cura. Tengo vecinos nuevos a los que no conozco. Ya no coincidiere en el ascensor con Juanjo, ni Laura, ni Maria Angeles, ni con sus hijos cuando vienen del judo.<\/p>\n<p>Hace poco que se fueron los trabajadores de mudanzas el Melli. He encontrado el ordenador entre bolsas y cajas en la habitaci\u00f3n donde las almacenaron y que parece la de un activo Diogenes.<\/p>\n<p>Los del Melli trabajan con rapidez.<strong> Un enjuto muchacho igual carga un armario que lo desarma con la habilidad de los que est\u00e1n acostumbrados a trabajar bajo la presi\u00f3n del despido. -Yo no ser\u00eda capaz de hacer eso ni en un d\u00eda, le digo. Y contesta. -Maestro, cada uno en lo suyo.<\/strong> Me pregunto si yo, en lo mio, tengo la misma destreza que \u00e9l con un destornillador en la mano. Pongo los cojines a mi sill\u00f3n, el port\u00e1til encima de las piernas y me pongo a escribir para sentirme menos extra\u00f1o en la casa nueva.<\/p>\n<!-- AddThis Advanced Settings generic via filter on the_content --><!-- AddThis Share Buttons generic via filter on the_content -->","protected":false},"excerpt":{"rendered":"<p>Muchos art\u00edculos de Plazas Alta los he encabezado con la frase \u201csalgo de casa\u201d as\u00ed he escrito : sobre el bar del chino;Juan, el frutero; Carlos y Mercedes, propietarios de ultramarino Ortiz; del gitano;de la ferreter\u00eda; del Viti, el m\u00e1s singular de los tendero que conozco y hasta del kiosco donde compro el HOY. He [&hellip;]<!-- AddThis Advanced Settings generic via filter on get_the_excerpt --><!-- AddThis Share Buttons generic via filter on get_the_excerpt --><\/p>\n","protected":false},"author":10,"featured_media":0,"comment_status":"open","ping_status":"closed","sticky":false,"template":"","format":"standard","meta":[],"categories":[2],"tags":[48,117,315,343,390,409,492,529,571,580,583,701,1041],"_links":{"self":[{"href":"https:\/\/blogs.hoy.es\/migas-canas\/wp-json\/wp\/v2\/posts\/239"}],"collection":[{"href":"https:\/\/blogs.hoy.es\/migas-canas\/wp-json\/wp\/v2\/posts"}],"about":[{"href":"https:\/\/blogs.hoy.es\/migas-canas\/wp-json\/wp\/v2\/types\/post"}],"author":[{"embeddable":true,"href":"https:\/\/blogs.hoy.es\/migas-canas\/wp-json\/wp\/v2\/users\/10"}],"replies":[{"embeddable":true,"href":"https:\/\/blogs.hoy.es\/migas-canas\/wp-json\/wp\/v2\/comments?post=239"}],"version-history":[{"count":0,"href":"https:\/\/blogs.hoy.es\/migas-canas\/wp-json\/wp\/v2\/posts\/239\/revisions"}],"wp:attachment":[{"href":"https:\/\/blogs.hoy.es\/migas-canas\/wp-json\/wp\/v2\/media?parent=239"}],"wp:term":[{"taxonomy":"category","embeddable":true,"href":"https:\/\/blogs.hoy.es\/migas-canas\/wp-json\/wp\/v2\/categories?post=239"},{"taxonomy":"post_tag","embeddable":true,"href":"https:\/\/blogs.hoy.es\/migas-canas\/wp-json\/wp\/v2\/tags?post=239"}],"curies":[{"name":"wp","href":"https:\/\/api.w.org\/{rel}","templated":true}]}}