{"id":244,"date":"2013-03-08T08:44:24","date_gmt":"2013-03-08T07:44:24","guid":{"rendered":"http:\/\/blogs.hoy.es\/migas-canas\/?p=244"},"modified":"2013-03-08T08:44:24","modified_gmt":"2013-03-08T07:44:24","slug":"caja-de-ahorro","status":"publish","type":"post","link":"https:\/\/blogs.hoy.es\/migas-canas\/2013\/03\/08\/caja-de-ahorro\/","title":{"rendered":"CAJA DE AHORRO"},"content":{"rendered":"<div id=\"attachment_246\" style=\"width: 160px\" class=\"wp-caption aligncenter\"><a href=\"\/migas-canas\/wp-content\/uploads\/sites\/8\/2013\/03\/caja-badajoz.jpeg\"><img aria-describedby=\"caption-attachment-246\" loading=\"lazy\" class=\" wp-image-246\" title=\"caja badajoz de victor campano\" src=\"\/migas-canas\/wp-content\/uploads\/sites\/8\/2013\/03\/caja-badajoz.jpeg\" alt=\"fotografia de Victor Campano\" width=\"150\" height=\"99\" \/><\/a><p id=\"caption-attachment-246\" class=\"wp-caption-text\">fotografia de Victor Campano<\/p><\/div>\n<p style=\"text-align: center;\"><strong>Los trabajadores de Caja Badajoz<\/strong> <strong>est\u00e1n convocados a la huelga los d\u00edas 14 y 15 de marzo<\/strong>. A los trabajadores de Caja Badajoz ya no les conocen desde la direcci\u00f3n como Pedro, Mar\u00eda o Jos\u00e9 ahora solo son beneficios o perdidas igual que el resto de espa\u00f1oles somos d\u00e9ficit.<br \/>\nSus puestos de trabajo est\u00e1n pendientes de un hilo. La apisonadora del paro amenaza su estabilidad. La delgada l\u00ednea que separa el bienestar de la angustia ha llegado a sus casas.<br \/>\n<strong>En Badajoz casi todos tenemos un amigo, un pariente o conocemos a alguien que trabaja en Caja Badajoz.<\/strong> Trabajadores con familia que viven todos los d\u00edas la incertidumbre del despido.<strong> Seg\u00fan dice el Consejero de Econom\u00eda, Antonio Fern\u00e1ndez, Caja Badajoz ha hecho un mal negocio al integrarse en caja 3,<\/strong> una decisi\u00f3n que ha provocado la inseguridad de cientos de trabajadores que miran el futuro con la incertidumbre de saber que ma\u00f1ana se pueden a encontrar con una carta de despedida. Sin sobre.<a href=\"\/migas-canas\/wp-content\/uploads\/sites\/8\/2013\/03\/CAJA-BADAJOZ-DOS.jpeg\"><img loading=\"lazy\" class=\"alignleft size-full wp-image-248\" title=\"CAJA BADAJOZ DOS\" src=\"\/migas-canas\/wp-content\/uploads\/sites\/8\/2013\/03\/CAJA-BADAJOZ-DOS.jpeg\" alt=\"\" width=\"106\" height=\"106\" \/><\/a><br \/>\n<strong>D<a href=\"www.google.com\/imgres?imgurl=http:\/\/www.lamela.com\/DEPOT\/fotos\/0443_-_pry_-_01.jpg&#038;imgrefurl=http:\/\/www.\">esde el balc\u00f3n de mi casa veo ese majestuoso edificio, el m\u00e1s alto de Badajoz<\/a><\/strong><a href=\"www.google.com\/imgres?imgurl=http:\/\/www.lamela.com\/DEPOT\/fotos\/0443_-_pry_-_01.jpg&#038;imgrefurl=http:\/\/www.\">, <\/a>que mira a la ciudad por encima del hombro con la altaner\u00eda que miran los grandes y que va a llevar al paro a muchos de los que han conseguido levantar ese gigante a base de hacer horas detr\u00e1s de una ventanilla sumando, restando y multiplicando sin dejar de sonre\u00edr.<br \/>\n<strong>En el pol\u00edgono de la Paz, junto al bar Europa,pr\u00f3ximo al s\u00edmbolo ostentoso del banco, existe una peque\u00f1a sucursal de barrio<\/strong> con tres trabajadores, tres personas que tratan con delicadeza a los clientes sin diferenciar a los que tienen mucho de los que tiene poco.<br \/>\n<strong>A Elena, Pilar e Isidro no se les nota, cuando tratan a sus clientes, el desasosiego de su situaci\u00f3n que al igual que sus compa\u00f1eros viven cada d\u00eda a la espera de noticias.<\/strong> <strong>Isidro sigue pagando el caf\u00e9 siempre que coincido con \u00e9l en un bar aunque est\u00e9 en la otra punta de la barra.<\/strong> Me llama la atenci\u00f3n la amabilidad inalterable de los trabajadores a pesar de sus circunstancias, personas con familia, hijos, padres, hermanos y amigos.<br \/>\nSeg\u00fan dicen, desaparecer\u00e1n muchas de esas peque\u00f1as sucursales de pueblo donde el pensionista acude cada primero de mes a retirar sus cuatro perras. Los trabajadores de Caja Badajoz,no me acostumbro a escribir caja 3, se levantan cada ma\u00f1ana para ir a su trabajo sin saber si va a ser la \u00faltima ma\u00f1ana que suene el despertador. <strong>Ese ruido desagradable que se ha convertido en m\u00fasica celestial que cada d\u00eda que pasa suena en menos hogares dando paso a ese \u201czas\u201d a ese corte cruel y seco de tijeras afiladas que cortan como guada\u00f1a.<\/strong><\/p>\n<!-- AddThis Advanced Settings generic via filter on the_content --><!-- AddThis Share Buttons generic via filter on the_content -->","protected":false},"excerpt":{"rendered":"<p>Los trabajadores de Caja Badajoz est\u00e1n convocados a la huelga los d\u00edas 14 y 15 de marzo. A los trabajadores de Caja Badajoz ya no les conocen desde la direcci\u00f3n como Pedro, Mar\u00eda o Jos\u00e9 ahora solo son beneficios o perdidas igual que el resto de espa\u00f1oles somos d\u00e9ficit. Sus puestos de trabajo est\u00e1n pendientes [&hellip;]<!-- AddThis Advanced Settings generic via filter on get_the_excerpt --><!-- AddThis Share Buttons generic via filter on get_the_excerpt --><\/p>\n","protected":false},"author":10,"featured_media":0,"comment_status":"open","ping_status":"closed","sticky":false,"template":"","format":"standard","meta":[],"categories":[2],"tags":[63,103,119,180,182,303,393,434,504,549,845,1017,1066],"_links":{"self":[{"href":"https:\/\/blogs.hoy.es\/migas-canas\/wp-json\/wp\/v2\/posts\/244"}],"collection":[{"href":"https:\/\/blogs.hoy.es\/migas-canas\/wp-json\/wp\/v2\/posts"}],"about":[{"href":"https:\/\/blogs.hoy.es\/migas-canas\/wp-json\/wp\/v2\/types\/post"}],"author":[{"embeddable":true,"href":"https:\/\/blogs.hoy.es\/migas-canas\/wp-json\/wp\/v2\/users\/10"}],"replies":[{"embeddable":true,"href":"https:\/\/blogs.hoy.es\/migas-canas\/wp-json\/wp\/v2\/comments?post=244"}],"version-history":[{"count":0,"href":"https:\/\/blogs.hoy.es\/migas-canas\/wp-json\/wp\/v2\/posts\/244\/revisions"}],"wp:attachment":[{"href":"https:\/\/blogs.hoy.es\/migas-canas\/wp-json\/wp\/v2\/media?parent=244"}],"wp:term":[{"taxonomy":"category","embeddable":true,"href":"https:\/\/blogs.hoy.es\/migas-canas\/wp-json\/wp\/v2\/categories?post=244"},{"taxonomy":"post_tag","embeddable":true,"href":"https:\/\/blogs.hoy.es\/migas-canas\/wp-json\/wp\/v2\/tags?post=244"}],"curies":[{"name":"wp","href":"https:\/\/api.w.org\/{rel}","templated":true}]}}