{"id":251,"date":"2013-03-26T08:17:12","date_gmt":"2013-03-26T07:17:12","guid":{"rendered":"http:\/\/blogs.hoy.es\/migas-canas\/?p=251"},"modified":"2013-03-26T08:17:12","modified_gmt":"2013-03-26T07:17:12","slug":"bicicletas-de-alquiler","status":"publish","type":"post","link":"https:\/\/blogs.hoy.es\/migas-canas\/2013\/03\/26\/bicicletas-de-alquiler\/","title":{"rendered":"BICICLETAS DE ALQUILER"},"content":{"rendered":"<p><a href=\"\/migas-canas\/wp-content\/uploads\/sites\/8\/2013\/03\/bici-de-alquiler2.jpeg\"><img loading=\"lazy\" class=\"aligncenter size-full wp-image-254\" title=\"bici de alquiler\" src=\"\/migas-canas\/wp-content\/uploads\/sites\/8\/2013\/03\/bici-de-alquiler2.jpeg\" alt=\"\" width=\"141\" height=\"106\" \/><\/a><strong>En las oficinas de turismos del pasaje de San Juan de Badajoz<\/strong> hay colas y no porque haya aumentado el n\u00famero de turista si no porque es el lugar elegido para darse de alta en el nuevo sistema de alquiler de bicicleta. <strong>Las bici son las mismas<\/strong> que cuando se puso en marcha este servicio por primera vez aunque el sistema de prestamos haya cambiado. Ya no hay que enviar un mensaje de m\u00f3vil, ahora se utiliza una tarjeta de lectura con un pin para elegir bicicleta. Eso cuando las hay, porque escasean.<strong> Esta nueva etapa de alquiler de bicicletas esta teniendo m\u00e1s \u00e9xito que la anterior<\/strong> quiz\u00e1s sea porque ha aumentado el n\u00famero de bases. Las bases son los aparcamientos de las bicis que est\u00e1n repartidas por los distintos barrios de la ciudad, antes no hab\u00eda en San Roque, ni en la Estaci\u00f3n, ni en las Vaguadas, ni siquiera en la Plaza de Espa\u00f1a, tambi\u00e9n, el \u00e9xito, puede radicar en que sea gratis hasta abril.<strong> Se acabo el tiempo que lo gratis no se utilizaba;<\/strong> estaba mal visto, pero en estos tiempos de crisis, lo barato, esta recobrando la importancia que absurdos prejuicios rechazaba.<br \/>\n<strong>Puedes coger una bicicleta, por ejemplo,en Sinforiano Madro\u00f1ero en una de esas deliciosas ma\u00f1anas de domingo libre de coches y humo y donde el paisaje parece salido de los precisos pinceles de Antonio L\u00f3pez<\/strong>. Se puede ir a la Granadilla, cruzar los puentes, pedalear por el carril bici, llegar hasta la antigua frontera de Caya para <strong>reponer fuerzas en el kiosco portugu\u00e9s con una bifana y una Sagres fr\u00eda<\/strong> y volver recre\u00e1ndote en el paisaje de ese mastod\u00f3ntico centro comercial cerrado en domingo o mirar a trav\u00e9s de los cristales de la antigua Coca-cola, ahora parada, y donde antes se desplazaban por sus cintas con un orden marcial botellas llenas con la formula del secreto mejor guardado del mundo.<br \/>\n<strong>Es f\u00e1cil usar la bici en un ciudad como la nuestra donde tenemos buena temperatura y pocas cuestas<\/strong>. una ciudad con bonito caminos a las orillas de los rios Rivilla y Calam\u00f3n donde han dise\u00f1ado un hermoso paseo para desplazarse en bici desde Ciudad Jardin a San Roque. Badajoz deber\u00eda estar rodeada de carril bici igual que Sevilla, Barcelona o San Sebasti\u00e1n porque cada vez hay m\u00e1s pacenses que la utilizan, tanto la individual, como con porta-ni\u00f1os para pasear o para llevarlos a la escuela y as\u00ed poder evitar la vor\u00e1gine de los atascos y de las dobles y triples filas en las puertas de los colegios.<br \/>\n<strong>Existe un movimiento llamado Masa Cr\u00edtic<\/strong>a que reivindica el uso de este medio y que una vez al mes salen por la ciudad con sus bicis , timbres y eslogan \u201ces m\u00e1s barato, no contamina y no gasta gasolina\u201d<\/p>\n<!-- AddThis Advanced Settings generic via filter on the_content --><!-- AddThis Share Buttons generic via filter on the_content -->","protected":false},"excerpt":{"rendered":"<p>En las oficinas de turismos del pasaje de San Juan de Badajoz hay colas y no porque haya aumentado el n\u00famero de turista si no porque es el lugar elegido para darse de alta en el nuevo sistema de alquiler de bicicleta. Las bici son las mismas que cuando se puso en marcha este servicio [&hellip;]<!-- AddThis Advanced Settings generic via filter on get_the_excerpt --><!-- AddThis Share Buttons generic via filter on get_the_excerpt --><\/p>\n","protected":false},"author":10,"featured_media":0,"comment_status":"open","ping_status":"closed","sticky":false,"template":"","format":"standard","meta":[],"categories":[2],"tags":[64,127,150,152,211,602,629,719,773,815,914,917,936,945,946,965,975,1039],"_links":{"self":[{"href":"https:\/\/blogs.hoy.es\/migas-canas\/wp-json\/wp\/v2\/posts\/251"}],"collection":[{"href":"https:\/\/blogs.hoy.es\/migas-canas\/wp-json\/wp\/v2\/posts"}],"about":[{"href":"https:\/\/blogs.hoy.es\/migas-canas\/wp-json\/wp\/v2\/types\/post"}],"author":[{"embeddable":true,"href":"https:\/\/blogs.hoy.es\/migas-canas\/wp-json\/wp\/v2\/users\/10"}],"replies":[{"embeddable":true,"href":"https:\/\/blogs.hoy.es\/migas-canas\/wp-json\/wp\/v2\/comments?post=251"}],"version-history":[{"count":0,"href":"https:\/\/blogs.hoy.es\/migas-canas\/wp-json\/wp\/v2\/posts\/251\/revisions"}],"wp:attachment":[{"href":"https:\/\/blogs.hoy.es\/migas-canas\/wp-json\/wp\/v2\/media?parent=251"}],"wp:term":[{"taxonomy":"category","embeddable":true,"href":"https:\/\/blogs.hoy.es\/migas-canas\/wp-json\/wp\/v2\/categories?post=251"},{"taxonomy":"post_tag","embeddable":true,"href":"https:\/\/blogs.hoy.es\/migas-canas\/wp-json\/wp\/v2\/tags?post=251"}],"curies":[{"name":"wp","href":"https:\/\/api.w.org\/{rel}","templated":true}]}}