{"id":284,"date":"2013-05-07T08:20:53","date_gmt":"2013-05-07T07:20:53","guid":{"rendered":"http:\/\/blogs.hoy.es\/migas-canas\/?p=284"},"modified":"2013-05-07T08:20:53","modified_gmt":"2013-05-07T07:20:53","slug":"la-feria-de-jorge-javier","status":"publish","type":"post","link":"https:\/\/blogs.hoy.es\/migas-canas\/2013\/05\/07\/la-feria-de-jorge-javier\/","title":{"rendered":"LA FERIA DE JORGE JAVIER"},"content":{"rendered":"<p><strong><a href=\"\/migas-canas\/wp-content\/uploads\/sites\/8\/2013\/05\/libreria-badajoz.jpeg\"><img loading=\"lazy\" class=\"aligncenter size-full wp-image-286\" title=\"libreria badajoz\" src=\"\/migas-canas\/wp-content\/uploads\/sites\/8\/2013\/05\/libreria-badajoz.jpeg\" alt=\"\" width=\"150\" height=\"100\" \/><\/a>El viernes comienza la libro de Badajoz. El d\u00eda que se recuerda la muerte de Cervantes y Shakespeare sacando los libros a la calles se anuncia,como uno de los invitados estrella,a Jorge Javier V\u00e1zque<\/strong>z. Probablemente los responsable de traer a este hombre lo han meditado mucho, les habr\u00e1n surgido mil dudas. Estoy seguro que ha sido una decisi\u00f3n dif\u00edcil. pero al final han resuelto invitarlo.<\/p>\n<p>Seg\u00fan dicen, los que conocen su vida mejor que yo, ha estudiado filolog\u00eda y ha escrito un libro,m\u00e9rito suficiente para que la concejal\u00eda de cultura justifique su presencia, y&#8230; \u00bf<strong> porque no va a venir el se\u00f1or que es la imagen de los programas basuras, de la ordinariez, el que representa la Espa\u00f1a mas cutre, el ejemplo m\u00e1s representativo de eso que llamamos sentir verg\u00fcenza ajena?<\/strong>\u00bfPorque no va a venir si tiene tir\u00f3n para muchas gente y muchos de los que nunca pisar\u00edan la feria lo har\u00e1n? \u00bfQue importa que la feria del libro no sea el escenario adecuado para el hombre que convertir\u00e1 uno de los acontecimientos m\u00e1s preciados de la cultura pacense en un un circo? Ya puestos, pueden traer el pr\u00f3ximo a\u00f1o a Sergio Ramos, el futbolista del Madrid, que tambi\u00e9n ha escrito o le han escrito un libro y as\u00ed transformar poco a poco el lugar que tiene la gente para ver,tocar, comprar, pensar y cuestionar ideas a trav\u00e9s del conocimiento, de las reflexiones de autores,<strong> en una fiesta multitudinaria con un DJ y un macrobotell\u00f3n,quien dice que esto es dirigir a la gente hacia el aborregamiento si todos sabemos que la incultura tambi\u00e9n es cultura.<\/strong><\/p>\n<p><strong>Los organizadores de la feria del libro prefieren la multitud a la calidad trayendo y publicitando eso tan de moda y falto de valores que es la fama<\/strong>. \u00bfEso es malo?, cada uno se gana la vida como puede, que no est\u00e1n los tiempos para andar con remilgos, sobre todo, cuando la fama se consigue con el esfuerzo de humillar, cotillear, chinchorrear, insultar y zaherir a la gente. Si, adem\u00e1s, viniera acompa\u00f1ado por su cohorte de bufones, presidida por ese mujer a la que llaman princesa del pueblo que lo m\u00e1s importante que ha hecho en su vida es tener un romance con un torero, el \u00e9xito ser\u00eda inigualable para la ciudad.<\/p>\n<p><strong>Pensar es peligroso, leer es subversivo, aprender es una amenaza.<\/strong><\/p>\n<p>A la feria m\u00e1s culta de la ciudad traen lo m\u00e1s granado de la televisi\u00f3n los que se regodean en los fracasos de los dem\u00e1s. Estos invitados restan solemnidad y respeto a la ciudad. Que m\u00e1s da, si total,ya nadie se extra\u00f1a de nada.<\/p>\n<!-- AddThis Advanced Settings generic via filter on the_content --><!-- AddThis Share Buttons generic via filter on the_content -->","protected":false},"excerpt":{"rendered":"<p>El viernes comienza la libro de Badajoz. El d\u00eda que se recuerda la muerte de Cervantes y Shakespeare sacando los libros a la calles se anuncia,como uno de los invitados estrella,a Jorge Javier V\u00e1zquez. Probablemente los responsable de traer a este hombre lo han meditado mucho, les habr\u00e1n surgido mil dudas. Estoy seguro que ha [&hellip;]<!-- AddThis Advanced Settings generic via filter on get_the_excerpt --><!-- AddThis Share Buttons generic via filter on get_the_excerpt --><\/p>\n","protected":false},"author":10,"featured_media":0,"comment_status":"open","ping_status":"closed","sticky":false,"template":"","format":"standard","meta":[],"categories":[2],"tags":[82,251,329,349,442,538,562,640,664,961,967],"_links":{"self":[{"href":"https:\/\/blogs.hoy.es\/migas-canas\/wp-json\/wp\/v2\/posts\/284"}],"collection":[{"href":"https:\/\/blogs.hoy.es\/migas-canas\/wp-json\/wp\/v2\/posts"}],"about":[{"href":"https:\/\/blogs.hoy.es\/migas-canas\/wp-json\/wp\/v2\/types\/post"}],"author":[{"embeddable":true,"href":"https:\/\/blogs.hoy.es\/migas-canas\/wp-json\/wp\/v2\/users\/10"}],"replies":[{"embeddable":true,"href":"https:\/\/blogs.hoy.es\/migas-canas\/wp-json\/wp\/v2\/comments?post=284"}],"version-history":[{"count":0,"href":"https:\/\/blogs.hoy.es\/migas-canas\/wp-json\/wp\/v2\/posts\/284\/revisions"}],"wp:attachment":[{"href":"https:\/\/blogs.hoy.es\/migas-canas\/wp-json\/wp\/v2\/media?parent=284"}],"wp:term":[{"taxonomy":"category","embeddable":true,"href":"https:\/\/blogs.hoy.es\/migas-canas\/wp-json\/wp\/v2\/categories?post=284"},{"taxonomy":"post_tag","embeddable":true,"href":"https:\/\/blogs.hoy.es\/migas-canas\/wp-json\/wp\/v2\/tags?post=284"}],"curies":[{"name":"wp","href":"https:\/\/api.w.org\/{rel}","templated":true}]}}