{"id":287,"date":"2013-05-22T09:15:34","date_gmt":"2013-05-22T08:15:34","guid":{"rendered":"http:\/\/blogs.hoy.es\/migas-canas\/?p=287"},"modified":"2013-05-22T09:15:34","modified_gmt":"2013-05-22T08:15:34","slug":"mayo-mes-de-palomos-y-libros","status":"publish","type":"post","link":"https:\/\/blogs.hoy.es\/migas-canas\/2013\/05\/22\/mayo-mes-de-palomos-y-libros\/","title":{"rendered":"MAYO, MES DE PALOMOS Y LIBROS"},"content":{"rendered":"<p><strong>Que bonito esta Badajoz cuando empieza a lucir el sol y los \u00e1rboles se visten con el verde nuevo de la temporada primavera\/verano.<\/strong> La gente sale en desbandada de su cuevas de invierno como animalillos \u00e1vido de sol. Un d\u00eda se celebra la fiesta de los Palomos que en realidad es la fiesta de la Fundaci\u00f3n Triangulo, de Celdr\u00e1n, de Wyoming, que actu\u00f3 el d\u00eda antes en el Mercantil aprovechando el tir\u00f3n.<br \/>\n<strong>Los palomos me cogieron sentado en un banco de San Francisco<\/strong>, de pronto, el parque se convirti\u00f3 en una pasarela improvisada de juventud,<strong> la juventud es m\u00e1s bella que la sabia arruga<\/strong>. Vi el desfile de moda urbana con destino a la Plaza Alta,<strong>vi: escotes, biceps, ombligos,pantalones ca\u00eddos, short, camisetas ajustadas y sueltas, pendientes, anillos, piercing, brazos masculinos tatuados con nombres de otros hombres, banderas arco-iri<\/strong>s. Chicas adolescentes buscaban el equilibrio dentro de unos tacones. Equilibrio que perder\u00e1n cuando beban todo el arsenal de alcohol que llevan en bolsas de pl\u00e1stico. J\u00f3venes y menos j\u00f3venes se amontona entre las flamencas paredes de la Plaza Alta al ritmo que marca Bebe. mientras ellos y ellas beben, beben y vuelve a beber haciendo un alto, de vez en cuando, para orinar donde se pueda.<br \/>\nEn Badajoz el sol saca a la gente de sus casas.<br \/>\n<strong><\/strong><strong>A la semana siguiente de los palomos se celebra la feria de libro<\/strong>. <strong>San Francisco se llena de otro tipo de p\u00fablico, aunque algunos coinciden, aquellos que acuden a todas las convocatorias sea una opera o lanzamiento de huesos de aceituna<\/strong>. Veo a algunos de los que escriben en esta secci\u00f3n, a periodistas de radio, tambi\u00e9n veo a Miguel Murillo, el columnistas de los martes, que sale un rato, por la ma\u00f1ana, de la terraza del L\u00f3pez para presentar su libro infantil \u201cel ni\u00f1o que quer\u00eda ser rascacielos\u201d y se sube a recibir a la Yerbabuena por la noche.la feria le pilla a Don Miguel cerca,el ingenio tambi\u00e9n. Veo al cronista de Badajoz, Alberto Gonzalez, de barba recortada, fumando en pipa, sentado en un banco de hierro viendo el trasiego de personal.<a href=\"\/castuamente.blogspot.com.es\/\"> Javier Feij\u00f3o <\/a>el poeta de la voz rota, el que hace poemas en castuo, ojea un cat\u00e1logo de poes\u00eda. Veo a el vocalista del Desv\u00e1n del Duende, Jose Manauel Diez, con su premiado libro de poes\u00eda \u201cBaile de m\u00e1scara\u201d debajo del brazo.<strong> San Francisdo se llena de gente y vendr\u00e1n otros en los siguientes d\u00edas, todos acudimos al olor adictivo de la tinta nueva rebajada al 10% y al final del recorrido muchos sucumbimos, a ese otro aroma m\u00e1s mundano de calamares fritos y cerveza fresca. Que ser\u00eda de la literatura sin sus dosis de alcohol.<\/strong><\/p>\n<!-- AddThis Advanced Settings generic via filter on the_content --><!-- AddThis Share Buttons generic via filter on the_content -->","protected":false},"excerpt":{"rendered":"<p>Que bonito esta Badajoz cuando empieza a lucir el sol y los \u00e1rboles se visten con el verde nuevo de la temporada primavera\/verano. La gente sale en desbandada de su cuevas de invierno como animalillos \u00e1vido de sol. Un d\u00eda se celebra la fiesta de los Palomos que en realidad es la fiesta de la [&hellip;]<!-- AddThis Advanced Settings generic via filter on get_the_excerpt --><!-- AddThis Share Buttons generic via filter on get_the_excerpt --><\/p>\n","protected":false},"author":10,"featured_media":0,"comment_status":"open","ping_status":"closed","sticky":false,"template":"","format":"standard","meta":[],"categories":[2],"tags":[27,111,145,324,375,385,442,450,478,554,728,776,801,849,857,1093],"_links":{"self":[{"href":"https:\/\/blogs.hoy.es\/migas-canas\/wp-json\/wp\/v2\/posts\/287"}],"collection":[{"href":"https:\/\/blogs.hoy.es\/migas-canas\/wp-json\/wp\/v2\/posts"}],"about":[{"href":"https:\/\/blogs.hoy.es\/migas-canas\/wp-json\/wp\/v2\/types\/post"}],"author":[{"embeddable":true,"href":"https:\/\/blogs.hoy.es\/migas-canas\/wp-json\/wp\/v2\/users\/10"}],"replies":[{"embeddable":true,"href":"https:\/\/blogs.hoy.es\/migas-canas\/wp-json\/wp\/v2\/comments?post=287"}],"version-history":[{"count":0,"href":"https:\/\/blogs.hoy.es\/migas-canas\/wp-json\/wp\/v2\/posts\/287\/revisions"}],"wp:attachment":[{"href":"https:\/\/blogs.hoy.es\/migas-canas\/wp-json\/wp\/v2\/media?parent=287"}],"wp:term":[{"taxonomy":"category","embeddable":true,"href":"https:\/\/blogs.hoy.es\/migas-canas\/wp-json\/wp\/v2\/categories?post=287"},{"taxonomy":"post_tag","embeddable":true,"href":"https:\/\/blogs.hoy.es\/migas-canas\/wp-json\/wp\/v2\/tags?post=287"}],"curies":[{"name":"wp","href":"https:\/\/api.w.org\/{rel}","templated":true}]}}