{"id":289,"date":"2013-05-27T07:27:53","date_gmt":"2013-05-27T06:27:53","guid":{"rendered":"http:\/\/blogs.hoy.es\/migas-canas\/?p=289"},"modified":"2022-05-01T17:27:24","modified_gmt":"2022-05-01T16:27:24","slug":"teodora-mansilla-gallego","status":"publish","type":"post","link":"https:\/\/blogs.hoy.es\/migas-canas\/2013\/05\/27\/teodora-mansilla-gallego\/","title":{"rendered":"TEODORA MANSILLA GALLEGO"},"content":{"rendered":"<p><strong><a href=\"https:\/\/static-blogs.hoy.es\/wp-content\/uploads\/sites\/8\/2018\/04\/DSC05830-3.jpg\"><img loading=\"lazy\" class=\" wp-image-1311 aligncenter\" src=\"https:\/\/static-blogs.hoy.es\/wp-content\/uploads\/sites\/8\/2018\/04\/DSC05830-3-300x200.jpg\" alt=\"\" width=\"457\" height=\"305\" srcset=\"https:\/\/static-blogs.hoy.es\/wp-content\/uploads\/sites\/8\/2018\/04\/DSC05830-3-300x200.jpg 300w, https:\/\/static-blogs.hoy.es\/wp-content\/uploads\/sites\/8\/2018\/04\/DSC05830-3.jpg 682w\" sizes=\"(max-width: 457px) 100vw, 457px\" \/><\/a><\/strong><\/p>\n<p><strong>La noche anterior dorm\u00ed raro, inquieto, una extra\u00f1a premonici\u00f3n vol\u00f3 sobre mi almohada como un p\u00e1jaro agorero de malos presagios. A la ma\u00f1ana siguiente, temprano, son\u00f3 el tel\u00e9fono con un tono inquietante, aunque no ten\u00eda\u00a0 motivos sab\u00eda que era una llamada que no olvidar\u00eda<\/strong>. Diego, ven a casa que tu madre esta muy malita. Cuando llegue a casa estaba sentada con el mismo gesto de serenidad y paz que tuvo durante toda su vida, pero con el color g\u00e9lido de la muerte en su piel. A sus 92 a\u00f1os segu\u00eda sin arrugas. La llevamos a la cama de la que desde hac\u00eda un a\u00f1o faltaba Narciso, su marido, su compa\u00f1ero de toda la vida, mi padre. A partir de ese 23 de abril empez\u00f3 para sus cinco hijos la sensaci\u00f3n angustiosa de la ausencia. Cuando fueron pasando los d\u00edas uno empieza a interiorizar que ya nunca volver\u00e1 a ver su sonrisa, su paz, su serenidad su dulzura, a vivir esa inteligencia innata que hacia que todo lo que estuviera a su alrededor se transformara en agradable haciendo que la vida fuera f\u00e1cil, sencilla, amable&#8230; Nunca he visto en\u00a0 los a\u00f1os de mi vida tanta generosidad en ninguna persona como en mis padres. No s\u00e9 si se lo contagiaron el uno\u00a0 al otro para que coincidieron dos personalidades \u00fanicas. Tampoco s\u00e9 si es importante que nacieran el mismo d\u00eda del mismo a\u00f1o.<\/p>\n<p><strong>Mi madre naci\u00f3 en Herrera del Duque<\/strong>, su padre muri\u00f3 joven durante los a\u00f1os de la guerra y posguerra. Mi abuela, Clara, una madre coraje que sac\u00f3 adelante 4 hijos en a\u00f1os dif\u00edciles, una familia capitaneada por una\u00a0 mujer viuda en a\u00f1os en aquellos tiempos dif\u00edciles\u00a0 posguerra.<\/p>\n<p>Mi madre se cas\u00f3 con mi padre. Vivieron en Herrera del Duque hasta mi nacimiento, fecha en la que dejaron atr\u00e1s el pueblo en un viaje sin retorno en busca de un futuro para sus hijos. <strong>Siempre pensaron m\u00e1s en el bienestar de los hijos que el propio<\/strong>. En Badajoz vivimos en el campo, en el Vivero de los Rostros pr\u00f3ximo al pueblo de colonizaci\u00f3n de Villafranco del Guadiana. Mi padre era guarda forestal. Aquel vivero era un para\u00edso para\u00a0 nosotros, un tiempo que todav\u00eda recordamos como un sue\u00f1o, como un cuento con un hada que era Teodora y cinco duendecillos correteando por el campo. Viv\u00edamos felices rodeado de \u00e1rboles, de animales y sobre todo de un cari\u00f1o que era suficiente, para ser felices. Casi todo en la vida se puede sustituir con fuerte dosis de amor. Mis padres decidieron venirse a vivir a la ciudad cuando yo empec\u00e9 a ir a la escuela con el\u00a0 fin de que sus hijos estudiaran, de que tuvieran un porvenir. Ellos sab\u00edan que en los libros y el conocimiento resid\u00eda muchas de las cosas buenas que pudieran pasarnos en la vida y<strong> as\u00ed, entre curso y curso fue transcurriendo su existencia, sin sobresaltos<\/strong>, con el ritmo que le iban marcando los peque\u00f1os triunfos\u00a0 de sus hijos y siempre manteni\u00e9ndose firme en su altruista apoyo de padres entregados a los hijos. no necesitaban nada m\u00e1s que vernos contentos para estar contentos. <strong>Quiz\u00e1s ese sea uno de los secretos de haber vivido tantos a\u00f1os, sanox y feliz, ese desapego de todo lo superficial, lo material para disfrutar de los sentimientos.<\/strong><\/p>\n<!-- AddThis Advanced Settings generic via filter on the_content --><!-- AddThis Share Buttons generic via filter on the_content -->","protected":false},"excerpt":{"rendered":"<p>La noche anterior dorm\u00ed raro, inquieto, una extra\u00f1a premonici\u00f3n vol\u00f3 sobre mi almohada como un p\u00e1jaro agorero de malos presagios. A la ma\u00f1ana siguiente, temprano, son\u00f3 el tel\u00e9fono con un tono inquietante, aunque no ten\u00eda\u00a0 motivos sab\u00eda que era una llamada que no olvidar\u00eda. Diego, ven a casa que tu madre esta muy malita. Cuando [&hellip;]<!-- AddThis Advanced Settings generic via filter on get_the_excerpt --><!-- AddThis Share Buttons generic via filter on get_the_excerpt --><\/p>\n","protected":false},"author":10,"featured_media":0,"comment_status":"open","ping_status":"closed","sticky":false,"template":"","format":"standard","meta":[],"categories":[3],"tags":[],"_links":{"self":[{"href":"https:\/\/blogs.hoy.es\/migas-canas\/wp-json\/wp\/v2\/posts\/289"}],"collection":[{"href":"https:\/\/blogs.hoy.es\/migas-canas\/wp-json\/wp\/v2\/posts"}],"about":[{"href":"https:\/\/blogs.hoy.es\/migas-canas\/wp-json\/wp\/v2\/types\/post"}],"author":[{"embeddable":true,"href":"https:\/\/blogs.hoy.es\/migas-canas\/wp-json\/wp\/v2\/users\/10"}],"replies":[{"embeddable":true,"href":"https:\/\/blogs.hoy.es\/migas-canas\/wp-json\/wp\/v2\/comments?post=289"}],"version-history":[{"count":2,"href":"https:\/\/blogs.hoy.es\/migas-canas\/wp-json\/wp\/v2\/posts\/289\/revisions"}],"predecessor-version":[{"id":1758,"href":"https:\/\/blogs.hoy.es\/migas-canas\/wp-json\/wp\/v2\/posts\/289\/revisions\/1758"}],"wp:attachment":[{"href":"https:\/\/blogs.hoy.es\/migas-canas\/wp-json\/wp\/v2\/media?parent=289"}],"wp:term":[{"taxonomy":"category","embeddable":true,"href":"https:\/\/blogs.hoy.es\/migas-canas\/wp-json\/wp\/v2\/categories?post=289"},{"taxonomy":"post_tag","embeddable":true,"href":"https:\/\/blogs.hoy.es\/migas-canas\/wp-json\/wp\/v2\/tags?post=289"}],"curies":[{"name":"wp","href":"https:\/\/api.w.org\/{rel}","templated":true}]}}