{"id":291,"date":"2013-06-04T07:25:06","date_gmt":"2013-06-04T06:25:06","guid":{"rendered":"http:\/\/blogs.hoy.es\/migas-canas\/?p=291"},"modified":"2013-06-04T07:25:06","modified_gmt":"2013-06-04T06:25:06","slug":"avenidas","status":"publish","type":"post","link":"https:\/\/blogs.hoy.es\/migas-canas\/2013\/06\/04\/avenidas\/","title":{"rendered":"AVENIDAS"},"content":{"rendered":"<div id=\"attachment_293\" style=\"width: 410px\" class=\"wp-caption aligncenter\"><a href=\"\/migas-canas\/wp-content\/uploads\/sites\/8\/2013\/06\/Avda.-F.-Calzadilla-028.jpg\"><img aria-describedby=\"caption-attachment-293\" loading=\"lazy\" class=\"size-full wp-image-293\" title=\"Avda. F. Calzadilla  028\" src=\"\/migas-canas\/wp-content\/uploads\/sites\/8\/2013\/06\/Avda.-F.-Calzadilla-028.jpg\" alt=\"Fopto de Manolo Lopez\" width=\"400\" height=\"300\" srcset=\"https:\/\/static-blogs.hoy.es\/wp-content\/uploads\/sites\/8\/2013\/06\/Avda.-F.-Calzadilla-028.jpg 400w, https:\/\/static-blogs.hoy.es\/wp-content\/uploads\/sites\/8\/2013\/06\/Avda.-F.-Calzadilla-028-300x225.jpg 300w\" sizes=\"(max-width: 400px) 100vw, 400px\" \/><\/a><p id=\"caption-attachment-293\" class=\"wp-caption-text\">foto de Manolo Lopez<\/p><\/div>\n<p><strong>Camino por la Avenida Fernando Calzadillas<\/strong>. Avenida, que con tanto acierto ha descrito, en esta misma secci\u00f3n, <strong>Manolo L\u00f3pez<\/strong> con esos ojos vivos de los delgados, de los din\u00e1micos, de los que son pura fibra de la observaci\u00f3n. Manolo cuenta los detalles peque\u00f1os con la precisi\u00f3n de los que est\u00e1n acostumbrados a ver lo que otros no ven. En Fernando Calzadillas, los m\u00faltiples bazares chinos llenan contenedores y aceras de cajas vac\u00edas. Compramos barato, no nos queda m\u00e1s remedio, probablemente ya tendr\u00e1n, por cuatro perras, ba\u00f1adores como el de Falete. Algunas veces, compro el peri\u00f3dico en el quisco de Candido, vino de Valencia de las Torres a conquistar la ciudad, conquisto a Ana y se quedo para siempre. Me dice que se me van a agotar los temas para escribir y yo le contesto que mientras haya bares hay tema. Aunque no se, cada vez son m\u00e1s los que cierran.<\/p>\n<p>Otros d\u00edas camino por la<strong> Avenida Santa Marina<\/strong>, desde el Venero hasta el Corte Ingl\u00e9s disfruto con el encanto de las casas del lado izquierdo, las antiguas casas de los grupo Jos\u00e9 Antonio donde viven muchas personas mayores y donde se ha criado los hermanos Moralo 14 o 15 hermanos rubios que corr\u00edan detr\u00e1s de la pelota oliendo el placentero azahar de los naranjos. Sigo camino de la Aneja y las Josefinas, ese edificio donde siempre me paro para disfrutar su belleza. A continuaci\u00f3n est\u00e1n las casas que estaban destinadas a los maestros y donde siempre han vivido muchos funcionario, sobre todo del Ayuntamiento. Compraron las casas cuando eran j\u00f3venes y no pensaron que alg\u00fan d\u00eda no subir\u00edan las escaleras con la misma destreza, ahora andan poniendo ascensores en el exterior de las fachadas, que poca conciencia del paso del tiempo tenemos en la juventud cuando todav\u00eda no sabemos lo que desgasta vivir, siempre nos cargamos demasiado pronto de a\u00f1os, Los \u00e1rboles, tambi\u00e9n viejos, les dan solera, sombra, belleza y frescor a los pisos que tiene el encanto de lo viejo y el sosiego de lo antiguo.<\/p>\n<p>Por la<strong> Avenida Villanuev<\/strong>a ve\u00eda muchos de los de derecha de toda la vida que han abandonado la brillantina y camisas azul pulcramente planchadas porque no esperaban que Rajoy fuera a llegar tan lejos, dando palos a todo el mundo, incluso a ellos. Seguramente, en las pr\u00f3ximas elecciones, vuelvan a ganar porque los fieles a la derecha siempre votan aunque digan entre risas aquello de \u201c\u201dcuerpo a tierra que vienen los nuestros\u201d porque obedecer es m\u00e1s c\u00f3modo que pensar. En los a\u00f1os de democracia nos hemos alejado de la pol\u00edtica pensando que la pol\u00edtica es de los pol\u00edticos, dejando todo en sus manos, ahora, que nos est\u00e1n dando golpes por todas partes, no sabemos por donde tirar, la indolencia adquirida provoca que no vayamos a votar, el domingo de elecciones , preferimos ir a misa, creemos m\u00e1s en la resurrecci\u00f3n de los muertos que en brotes verdes.<\/p>\n<p>&nbsp;<\/p>\n<!-- AddThis Advanced Settings generic via filter on the_content --><!-- AddThis Share Buttons generic via filter on the_content -->","protected":false},"excerpt":{"rendered":"<p>Camino por la Avenida Fernando Calzadillas. Avenida, que con tanto acierto ha descrito, en esta misma secci\u00f3n, Manolo L\u00f3pez con esos ojos vivos de los delgados, de los din\u00e1micos, de los que son pura fibra de la observaci\u00f3n. Manolo cuenta los detalles peque\u00f1os con la precisi\u00f3n de los que est\u00e1n acostumbrados a ver lo que [&hellip;]<!-- AddThis Advanced Settings generic via filter on get_the_excerpt --><!-- AddThis Share Buttons generic via filter on get_the_excerpt --><\/p>\n","protected":false},"author":10,"featured_media":0,"comment_status":"open","ping_status":"closed","sticky":false,"template":"","format":"standard","meta":[],"categories":[2],"tags":[89,92,123,313,432,676,898,1055],"_links":{"self":[{"href":"https:\/\/blogs.hoy.es\/migas-canas\/wp-json\/wp\/v2\/posts\/291"}],"collection":[{"href":"https:\/\/blogs.hoy.es\/migas-canas\/wp-json\/wp\/v2\/posts"}],"about":[{"href":"https:\/\/blogs.hoy.es\/migas-canas\/wp-json\/wp\/v2\/types\/post"}],"author":[{"embeddable":true,"href":"https:\/\/blogs.hoy.es\/migas-canas\/wp-json\/wp\/v2\/users\/10"}],"replies":[{"embeddable":true,"href":"https:\/\/blogs.hoy.es\/migas-canas\/wp-json\/wp\/v2\/comments?post=291"}],"version-history":[{"count":0,"href":"https:\/\/blogs.hoy.es\/migas-canas\/wp-json\/wp\/v2\/posts\/291\/revisions"}],"wp:attachment":[{"href":"https:\/\/blogs.hoy.es\/migas-canas\/wp-json\/wp\/v2\/media?parent=291"}],"wp:term":[{"taxonomy":"category","embeddable":true,"href":"https:\/\/blogs.hoy.es\/migas-canas\/wp-json\/wp\/v2\/categories?post=291"},{"taxonomy":"post_tag","embeddable":true,"href":"https:\/\/blogs.hoy.es\/migas-canas\/wp-json\/wp\/v2\/tags?post=291"}],"curies":[{"name":"wp","href":"https:\/\/api.w.org\/{rel}","templated":true}]}}