{"id":308,"date":"2013-09-03T07:19:29","date_gmt":"2013-09-03T06:19:29","guid":{"rendered":"http:\/\/blogs.hoy.es\/migas-canas\/?p=308"},"modified":"2013-09-03T07:19:29","modified_gmt":"2013-09-03T06:19:29","slug":"llego-septiembre","status":"publish","type":"post","link":"https:\/\/blogs.hoy.es\/migas-canas\/2013\/09\/03\/llego-septiembre\/","title":{"rendered":"LLEG\u00d3 SEPTIEMBRE"},"content":{"rendered":"<p><strong><a href=\"\/migas-canas\/wp-content\/uploads\/sites\/8\/2013\/09\/septi1.jpeg\"><img loading=\"lazy\" class=\"aligncenter size-full wp-image-312\" title=\"septi\" src=\"\/migas-canas\/wp-content\/uploads\/sites\/8\/2013\/09\/septi1.jpeg\" alt=\"\" width=\"136\" height=\"110\" \/><\/a>Lleg\u00f3 septiembre<\/strong>. El tiempo no para y no nos deja parar. Avanza sin pausa en acompasados golpes imposibles de frenar tic tac, tic tac&#8230;Lleg\u00f3 septiembre. disminuye el peligro de incendios, el de<strong> accidentes de tr\u00e1ficos en carreteras secundarias por las que circulan j\u00f3venes que regresan de la feria de los pueblos cansados de haber tirado los tejos a muchachas en flor<\/strong>. Regresan buscando las vueltas a los controles de la guardia civil. Viajan por carreteras estrechas de curvas peligrosas que tienen canales como arc\u00e9n.<br \/>\n<strong><a href=\"\/migas-canas\/wp-content\/uploads\/sites\/8\/2013\/09\/maizales.jpeg\"><img loading=\"lazy\" class=\"alignleft size-full wp-image-313\" title=\"maizales\" src=\"\/migas-canas\/wp-content\/uploads\/sites\/8\/2013\/09\/maizales.jpeg\" alt=\"\" width=\"120\" height=\"90\" \/><\/a>En septiembre, el ma\u00edz que estaba verd<\/strong>e y alto junto a la carretera densificando el ox\u00edgeno necesario para deportistas que corr\u00edan o iba en bicicleta, ya esta cosechado y vendido o mal vendido en esas raras <strong>estrategias de compra\/venta que solo h\u00e1biles comerciantes, como son los hombres de campo conocen<\/strong>. En los maizales, por estrechos surcos, como pasillos infinitos, corre el agua por un sencillo proceso de ingenier\u00eda casera regando por rebosamiento a golpe de azada, lo simple, algunas veces, es lo mas efectivo.<br \/>\nCada vez que paso por los maizales de<strong> la carretera de San Roque, esa que lleva a un aeropuerto sin avione<\/strong>s, imagino el escenario de un crimen, de una violaci\u00f3n. La imaginaci\u00f3n salta influidos por la literatura y el cine. Aunque Yo, la verdad, lo que imagino son otras cosas \u00a1Hay si yo contara lo que pasaban en los maizales de mi adolescencia!<br \/>\n<strong>Lleg\u00f3 septiembre y el peri\u00f3dico ha dejado de entrevistar a los columnistas mientras los de Plaza Alta y Mayor, hac\u00edamos de teloneros<\/strong>. Algunos de los columnistas cuentan, que sus art\u00edculos les ha costado el ninguneo en su trabajo. menos mal que yo soy el escritor de lo amable, de lo bonito aunque cada vez sean menos las cosas de las que puedo escribir.<\/p>\n<p><strong>De Rajoy no hablo porque me pasa lo mismo que a \u00e9l con Barcenas, que solo pronunciar su nombre me da dentera<\/strong>. As\u00ed que esta Plaza Altas, naif, no de para sobresaltos . No creo que los due\u00f1os de los maizales tomen represalias por un cond\u00f3n que encontraron hace a\u00f1os junto a una mazorca aplastada.<\/p>\n<p>En agosto, se celebr\u00f3, con mucho bombo, que algunos de los que antes despidieron volvieron a trabajar, eso si, cobrando menos y con contratos peores. <strong>Llega septiembre, el bar de Jos\u00e9, El Gale\u00f3n, donde desayunaba todos los d\u00edas, cerr\u00f3 para siempre.<\/strong> En agosto, pol\u00edticos Europeos, (que cruz como si no tuvi\u00e9ramos bastante con los nuestros) aprovecharon la desgana del calor para decir que a los espa\u00f1oles nos rebajen el sueldo un 10% para que dejemos de ir a desayunar al bar y que cierren las cafeter\u00edas y despidan a repartidores de pan y cierren las f\u00e1bricas de manteca colora y que todos cobren del paro y que sus hijos acudan a comedores escolares y que&#8230;<strong> Sigamos sirviendo de obedientes ratoncillos a gente sin escr\u00fapulos Total si se mueren o suicidan unos cuantos ciudadanos da igual, ya probaran con otra cosita el agosto que viene que estos Espa\u00f1oles lo aguantan todo sin rechistar. Lleg\u00f3 septiembre y algunos siguen haciendo su agosto a costa de los dem\u00e1s.<\/strong><\/p>\n<!-- AddThis Advanced Settings generic via filter on the_content --><!-- AddThis Share Buttons generic via filter on the_content -->","protected":false},"excerpt":{"rendered":"<p>Lleg\u00f3 septiembre. El tiempo no para y no nos deja parar. Avanza sin pausa en acompasados golpes imposibles de frenar tic tac, tic tac&#8230;Lleg\u00f3 septiembre. disminuye el peligro de incendios, el de accidentes de tr\u00e1ficos en carreteras secundarias por las que circulan j\u00f3venes que regresan de la feria de los pueblos cansados de haber tirado [&hellip;]<!-- AddThis Advanced Settings generic via filter on get_the_excerpt --><!-- AddThis Share Buttons generic via filter on get_the_excerpt --><\/p>\n","protected":false},"author":10,"featured_media":0,"comment_status":"open","ping_status":"closed","sticky":false,"template":"","format":"standard","meta":[],"categories":[2],"tags":[128,204,508,671,898,959],"_links":{"self":[{"href":"https:\/\/blogs.hoy.es\/migas-canas\/wp-json\/wp\/v2\/posts\/308"}],"collection":[{"href":"https:\/\/blogs.hoy.es\/migas-canas\/wp-json\/wp\/v2\/posts"}],"about":[{"href":"https:\/\/blogs.hoy.es\/migas-canas\/wp-json\/wp\/v2\/types\/post"}],"author":[{"embeddable":true,"href":"https:\/\/blogs.hoy.es\/migas-canas\/wp-json\/wp\/v2\/users\/10"}],"replies":[{"embeddable":true,"href":"https:\/\/blogs.hoy.es\/migas-canas\/wp-json\/wp\/v2\/comments?post=308"}],"version-history":[{"count":0,"href":"https:\/\/blogs.hoy.es\/migas-canas\/wp-json\/wp\/v2\/posts\/308\/revisions"}],"wp:attachment":[{"href":"https:\/\/blogs.hoy.es\/migas-canas\/wp-json\/wp\/v2\/media?parent=308"}],"wp:term":[{"taxonomy":"category","embeddable":true,"href":"https:\/\/blogs.hoy.es\/migas-canas\/wp-json\/wp\/v2\/categories?post=308"},{"taxonomy":"post_tag","embeddable":true,"href":"https:\/\/blogs.hoy.es\/migas-canas\/wp-json\/wp\/v2\/tags?post=308"}],"curies":[{"name":"wp","href":"https:\/\/api.w.org\/{rel}","templated":true}]}}