{"id":31,"date":"2011-02-18T20:29:00","date_gmt":"2011-02-18T20:29:00","guid":{"rendered":"http:\/\/blogs.hoy.es\/migas-canas\/?p=31"},"modified":"2011-02-18T20:29:00","modified_gmt":"2011-02-18T20:29:00","slug":"bicicletas-rotas","status":"publish","type":"post","link":"https:\/\/blogs.hoy.es\/migas-canas\/2011\/02\/18\/bicicletas-rotas\/","title":{"rendered":"BICICLETAS ROTAS"},"content":{"rendered":"<p><UL class=ul> <LI id=mi-ei-prensa class=li><A class=a href=\"\/prensa\/\"><SPAN class=span>Portada Edici\u00f3n Impresa<\/SPAN><\/A> <\/LI> <LI id=mi-ei-regional class=li><A class=a href=\"\/prensa\/regional\/\"><SPAN class=span>Regional<\/SPAN><\/A> <\/LI> <LI id=mi-ei-badajoz class=li><A class=a href=\"\/prensa\/badajoz\/\"><SPAN class=span>Badajoz<\/SPAN><\/A> <\/LI> <LI id=mi-ei-caceres class=li><A class=a href=\"\/prensa\/caceres\/\"><SPAN class=span>C\u00e1ceres<\/SPAN><\/A> <\/LI> <LI id=mi-ei-merida class=li><A class=a href=\"\/prensa\/merida\/\"><SPAN class=span>M\u00e9rida<\/SPAN><\/A> <\/LI> <LI id=mi-ei-plasencia class=li><A class=a href=\"\/prensa\/plasencia\/\"><SPAN class=span>Plasencia<\/SPAN><\/A> <\/LI> <LI id=mi-ei-prov-badajoz class=li><A class=a href=\"\/prensa\/prov-badajoz\/\"><SPAN class=span>Provincia de Badajoz<\/SPAN><\/A>  <OL class=ol> <LI id=submi-ei-don-benito class=li><A href=\"\/prensa\/don-benito\/\"><SPAN class=span>Don Benito<\/SPAN><\/A> <\/LI> <LI id=submi-ei-villanueva class=li><A href=\"\/prensa\/villanueva\/\"><SPAN class=span>Villanueva<\/SPAN><\/A> <\/LI> <LI id=submi-ei-almendralejo class=li><A href=\"\/prensa\/almendralejo\/\"><SPAN class=span>Almendralejo<\/SPAN><\/A> <\/LI><\/OL><\/LI> <LI id=mi-ei-prov-caceres class=li><A class=a href=\"\/prensa\/prov-caceres\/\"><SPAN class=span>Provincia de C\u00e1ceres<\/SPAN><\/A>  <OL class=ol> <LI id=submi-ei-navalmoral class=li><A href=\"\/prensa\/navalmoral\/\"><SPAN class=span>Navalmoral<\/SPAN><\/A> <\/LI> <LI id=submi-ei-trujillo class=li><A href=\"\/prensa\/trujillo\/\"><SPAN class=span>Trujillo<\/SPAN><\/A> <\/LI> <LI id=submi-ei-coria class=li><A href=\"\/prensa\/coria\/\"><SPAN class=span>Coria<\/SPAN><\/A> <\/LI><\/OL><\/LI> <LI id=mi-ei-opinion class=activo><A class=a href=\"\/prensa\/opinion\/\"><SPAN class=span>Opini\u00f3n<\/SPAN><\/A> <\/LI> <LI id=mi-ei-nacional class=li><A class=a href=\"\/prensa\/nacional\/\"><SPAN class=span>Nacional<\/SPAN><\/A> <\/LI> <LI id=mi-ei-internacional class=li><A class=a href=\"\/prensa\/internacional\/\"><SPAN class=span>Internacional<\/SPAN><\/A> <\/LI> <LI id=mi-ei-economia class=li><A class=a href=\"\/prensa\/economia\/\"><SPAN class=span>Econom\u00eda<\/SPAN><\/A> <\/LI> <LI id=mi-ei-deportes class=li><A class=a href=\"\/prensa\/deportes\/\"><SPAN class=span>Deportes<\/SPAN><\/A>  <OL class=ol> <LI id=submi-ei-deportes-futbol class=li><A href=\"\/prensa\/deportes\/futbol\/\"><SPAN class=span>F\u00fatbol<\/SPAN><\/A> <\/LI> <LI id=submi-ei-deportes-baloncesto class=li><A href=\"\/prensa\/deportes\/baloncesto\/\"><SPAN class=span>Baloncesto<\/SPAN><\/A> <\/LI> <LI id=submi-ei-deportes-motor class=li><A href=\"\/prensa\/deportes\/motor\/\"><SPAN class=span>Motor<\/SPAN><\/A> <\/LI> <LI id=submi-ei-deportes-ciclismo class=li><A href=\"\/prensa\/deportes\/ciclismo\/\"><SPAN class=span>Ciclismo<\/SPAN><\/A> <\/LI> <LI id=submi-ei-deportes-mas-deporte class=li><A href=\"\/prensa\/deportes\/mas-deporte\/\"><SPAN class=span>M\u00e1s Deporte<\/SPAN><\/A> <\/LI><\/OL><\/LI> <LI id=mi-ei-vivir class=li><A class=a href=\"\/prensa\/vivir\/\"><SPAN class=span>Vivir<\/SPAN><\/A> <\/LI> <LI id=mi-ei-toros class=li><A class=a href=\"\/prensa\/toros\/\"><SPAN class=span>Toros<\/SPAN><\/A> <\/LI> <LI id=mi-ei- class=li><A class=a href=\"http:\/\/descargas.hoy.es\/edicion_pdf.asp\" rel=\"nofollow\"            ><SPAN class=span>HOY en PDF<\/SPAN><\/A> <\/LI> <LI id=mi-ei- class=li><A class=a href=\"http:\/\/www.hoy.es\/hemeroteca\/\" rel=\"nofollow\"            ><SPAN class=span>Hemeroteca<\/SPAN><\/A> <\/LI><\/UL>   <DIV id=EIcolB> <DIV id=articuloEI> <DIV class=encabezadoEI> <H2><A href=\"\/prensa\/\"><IMG alt=\"Diario Hoy. Edici\u00f3n Impresa\" src=\"\/\/www.hoy.es\/img\/logoEI_hoy.gif\"><SPAN><FONT color=#003366>Edici\u00f3n Impresa<\/FONT><\/SPAN><\/A><\/H2><\/DIV> <DIV class=doc xmlns:gmt=\"http:\/\/www.jclark.com\/xt\/java\/FormatGMT\"> <DIV class=story> <DIV class=grouphead> <DIV class=overhead> <H4>OPINI\u00d3N<\/H4><\/DIV> <DIV class=headline> <DIV id=story-titulo class=ln> <H1><A href=\"\/prensa\/20110218\/opinion\/bicicletas-rotas-20110218.html\" target=_self><FONT color=#5c5c5c>Bicicletas rotas<\/FONT><\/A> <\/H1><\/DIV><\/DIV> <DIV class=subhead><\/DIV><\/DIV> <DIV class=date><\/DIV> <DIV class=byline><FONT size=1>18.02.2011 &#8211; <\/FONT> <DIV class=author> <DIV id=story-autor class=name><FONT size=1>DIEGO ALGABA MANSILLA<\/FONT><\/DIV> <DIV id=story-localidad class=description><FONT size=1>BADAJOZ<\/FONT><\/DIV><\/DIV><\/DIV> <DIV class=OpcArt> <DIV class=OpcArtB> <DIV class=OpcArtR><A class=imprimir href=\"JavaScript:window.print();\">Imprimir<\/A><A id=enviar class=enviar href=\"javascript:visualizacapasarticulo('envialanoticia','enviar');\">Enviar<\/A><A id=rectifica class=rectifica href=\"javascript:visualizacapasarticulo('rectificalanoticia','rectifica');\">Rectificar<\/A><\/DIV> <DIV class=clear><\/DIV><\/DIV> <DIV id=envialanoticia> <DIV id=envianoticia> <H2><SPAN class=boton><A class=boton href=\"javascript:cerrarEnviarNoticia();\"><FONT color=#636363 size=2>Cerrar<\/FONT><\/A><\/SPAN> Env\u00eda la noticia <\/H2> <DIV id=contenidoenvianoticia> <FORM name=envio_noticia> <FIELDSET> <DIV class=envianoticia>  <\/p>\n<p> <DIV class=envianoticiaI> <TABLE border=0 cellSpacing=0 cellPadding=0 width=\"99%\"> <TBODY> <TR> <TH><\/TH> <TD><INPUT type=text name=nombre><\/TD> <TH><\/TH> <TD><INPUT type=text name=email_remitente><\/TD><\/TR> <TR> <TH><\/TH> <TD><INPUT type=text name=para><\/TD> <TH> <\/TH> <TD><INPUT type=text name=email_destinatario><\/TD><\/TR><\/TBODY><\/TABLE><\/DIV> <DIV class=envianoticiaD><TEXTAREA rows=5 cols=5 name=comentario><\/TEXTAREA> <\/DIV><\/DIV><\/FIELDSET><\/FORM><\/DIV><\/DIV><\/DIV> <DIV id=rectificalanoticia> <DIV id=rectificanoticia> <H2> <\/H2> <DIV id=contenidorectificanoticia> <FORM action=\"\"> <FIELDSET> <DIV class=rectificanoticia>  <\/p>\n<p> <DIV class=rectificanoticiaI> <TABLE border=0 cellSpacing=0 cellPadding=0 width=\"99%\"> <TBODY> <TR> <TH width=\"12%\"><\/TH> <TD width=\"38%\"><INPUT type=text name=nombre><\/TD> <TH width=\"9%\"><SPAN class=obligatorio><\/SPAN><\/TH> <TD width=\"41%\"><INPUT type=text name=email><\/TD><\/TR><\/TBODY><\/TABLE><\/DIV> <DIV class=rectificanoticiaD><TEXTAREA rows=5 cols=5><\/TEXTAREA> <\/DIV><\/DIV><\/FIELDSET> <\/FORM><\/DIV><\/DIV><\/DIV><\/DIV> <DIV class=text> <DIV class=barhead> <DIV id=story-entradilla class=ln><\/DIV><\/DIV> <DIV id=story-texto class=p> <DIV class=p>Ni porque estuviesen borrachos, ni aunque no tengan trabajo, ni por ser demasiado j\u00f3venes o demasiado viejos, ni aunque no hubiese &#8216;ligao&#8217; esa noche, o les hubiese dejado la novia o el novio tiene justificaci\u00f3n lo que hicieron con las bicicletas que el Ayuntamiento de Badajoz puso a disposici\u00f3n de todos los ciudadanos. No s\u00e9 en qu\u00e9 momento de su complejo proceso mental, ni si fue entre risas, o entre llantos, cuando les dio por destrozar una estaci\u00f3n de bicicletas en el barrio pacense de Valdepasillas; bicicletas que pueden alquilar por un euro al mes. <\/DIV> <DIV class=p><\/DIV> <DIV class=p><\/DIV><\/DIV><\/DIV><\/DIV><\/DIV><\/DIV><\/DIV><\/p>\n<!-- AddThis Advanced Settings generic via filter on the_content --><!-- AddThis Share Buttons generic via filter on the_content -->","protected":false},"excerpt":{"rendered":"<p>Portada Edici\u00f3n Impresa Regional Badajoz C\u00e1ceres M\u00e9rida Plasencia Provincia de Badajoz Don Benito Villanueva Almendralejo Provincia de C\u00e1ceres Navalmoral Trujillo Coria Opini\u00f3n Nacional Internacional Econom\u00eda Deportes F\u00fatbol Baloncesto Motor Ciclismo M\u00e1s Deporte Vivir Toros HOY en PDF Hemeroteca Edici\u00f3n Impresa OPINI\u00d3N Bicicletas rotas 18.02.2011 &#8211; DIEGO ALGABA MANSILLA BADAJOZ ImprimirEnviarRectificar Cerrar Env\u00eda la noticia Ni [&hellip;]<!-- AddThis Advanced Settings generic via filter on get_the_excerpt --><!-- AddThis Share Buttons generic via filter on get_the_excerpt --><\/p>\n","protected":false},"author":10,"featured_media":0,"comment_status":"open","ping_status":"closed","sticky":false,"template":"","format":"standard","meta":[],"categories":[4],"tags":[148,927,1053],"_links":{"self":[{"href":"https:\/\/blogs.hoy.es\/migas-canas\/wp-json\/wp\/v2\/posts\/31"}],"collection":[{"href":"https:\/\/blogs.hoy.es\/migas-canas\/wp-json\/wp\/v2\/posts"}],"about":[{"href":"https:\/\/blogs.hoy.es\/migas-canas\/wp-json\/wp\/v2\/types\/post"}],"author":[{"embeddable":true,"href":"https:\/\/blogs.hoy.es\/migas-canas\/wp-json\/wp\/v2\/users\/10"}],"replies":[{"embeddable":true,"href":"https:\/\/blogs.hoy.es\/migas-canas\/wp-json\/wp\/v2\/comments?post=31"}],"version-history":[{"count":0,"href":"https:\/\/blogs.hoy.es\/migas-canas\/wp-json\/wp\/v2\/posts\/31\/revisions"}],"wp:attachment":[{"href":"https:\/\/blogs.hoy.es\/migas-canas\/wp-json\/wp\/v2\/media?parent=31"}],"wp:term":[{"taxonomy":"category","embeddable":true,"href":"https:\/\/blogs.hoy.es\/migas-canas\/wp-json\/wp\/v2\/categories?post=31"},{"taxonomy":"post_tag","embeddable":true,"href":"https:\/\/blogs.hoy.es\/migas-canas\/wp-json\/wp\/v2\/tags?post=31"}],"curies":[{"name":"wp","href":"https:\/\/api.w.org\/{rel}","templated":true}]}}