{"id":315,"date":"2013-09-17T08:00:57","date_gmt":"2013-09-17T07:00:57","guid":{"rendered":"http:\/\/blogs.hoy.es\/migas-canas\/?p=315"},"modified":"2013-09-17T08:00:57","modified_gmt":"2013-09-17T07:00:57","slug":"columnistas-buenas-companias","status":"publish","type":"post","link":"https:\/\/blogs.hoy.es\/migas-canas\/2013\/09\/17\/columnistas-buenas-companias\/","title":{"rendered":"COLUMNISTAS.BUENAS COMPA\u00d1IAS"},"content":{"rendered":"<div id=\"attachment_317\" style=\"width: 678px\" class=\"wp-caption aligncenter\"><a href=\"\/migas-canas\/wp-content\/uploads\/sites\/8\/2013\/09\/08-Paisaje-Extremadura-op1.jpg\"><img aria-describedby=\"caption-attachment-317\" loading=\"lazy\" class=\" wp-image-317\" title=\"08-Paisaje Extremadura---op\" src=\"\/migas-canas\/wp-content\/uploads\/sites\/8\/2013\/09\/08-Paisaje-Extremadura-op1.jpg\" alt=\"fotografia de intergaleria\" width=\"668\" height=\"401\" \/><\/a><p id=\"caption-attachment-317\" class=\"wp-caption-text\">fotografia de intergaleria<\/p><\/div>\n<p style=\"text-align: center;\"><strong>A los columnistas y blogueros de HOY les han entrevistado este verano<\/strong>. Han respondido a un cuestionario aderezado con los art\u00edculos de los que escribimos en esta secci\u00f3n. Casi todos hemos coincidido contando veranos de nuestro pasado, nadie ha hablado de los actuales. El recuerdo va tejiendo en la memoria una realidad idealizada debido a esa tendencia que tenemos a borrar lo desagradable,como si todos hubi\u00e9ramos tenido una juventud ideal.<br \/>\n<strong>Recordamos lo que queremos, somos los due\u00f1os de una memoria selectiva que deformamos a nuestro antojo<\/strong> en las dosis necesarias para tapar la realidad.<strong> Enmascaramos las horas de angustia y espera.<\/strong> La tierna juventud es esperar sin paciencia; un hormigueo en la sangre contrario a la calma. Se aspiraba a llegar final de los estudios, a conseguir un trabajo,un amor verdadero,la licencia de la mili, un porvenir que no llegaba, hasta que unos a\u00f1os despu\u00e9s se presentaba todo de golpe, desde ese instante, empezamos a a\u00f1orar el pasado, un pasado maquillado a nuestro antojo con una patina de dulce nostalgia,\u00a1Oh! \u00a1Que bonito era todo! \u00a1Que jupy!.<\/p>\n<p>En muchas ocasiones,<strong>cuando pulsamos las teclas del ordenador,estas se convierten en el sustituto de la realidad,<\/strong> un viaje en el tiempo, un traslado a un mundo que ya no existe. Escribimos inventando vivencias que se parecen a la realidad pero que no son la realidad,ya nadie recuerda aquellos confusos a\u00f1os, un conflicto interno permanente guiada por la sin raz\u00f3n, por cambios en el cuerpo en una cabeza sin formar,aunque la cabeza nunca termina de formarse,y algunas veces adquiere formas extra\u00f1as, una lucha entre el deseo, la emancipaci\u00f3n, y la renuncia a la protecci\u00f3n paterna y la seguridad en el refugio del hogar. Todo un mundo de contradicciones. Este verano, en las entrevistas, a a mi he ha tocado acompa\u00f1ar con mis escrito a dos los psic\u00f3logos: el articulista Chavero y el bloguero Pajuelo.<br \/>\n<strong>Alvarez Buiza<\/strong> dice que es un chinche con malas pulgas, <strong>Angel Gomez Espada<\/strong> un murciano que se sorprende cuando le llaman poeta.<strong> Luz Rueda<\/strong> tiene una hermosa y manoseada biblioteca. <strong>Alonso de la Torre<\/strong> es adicto a mirar y contar.<strong> Moises<\/strong> <strong>Cayetano<\/strong> quiere sacar a la luz los tesoros de la raya, <strong>Eugenio Fuente<\/strong>s dedico la mitad de su tiempo a ense\u00f1ar a leer y la otra mitad a aprender a escribir<strong>, Valvuena<\/strong>, dice que tener una columna en HOY es un privilegio que implica mucha responsabilidad, y adem\u00e1s me piropea por mi forma de escribir. De todas las entrevistas me quedo con muchas respuestas e ideas incluso de los dos o tres que me caen mal como dec\u00eda <strong>Tamay<\/strong>o, a mi solo me cae mal uno, pero en esta noche en la que empieza a llover, despu\u00e9s de soportar un angustioso <a href=\"\/migas-canas\/wp-content\/uploads\/sites\/8\/2013\/09\/PERIGALLO.jpg\"><img loading=\"lazy\" class=\"aligncenter size-full wp-image-318\" title=\"PERIGALLO\" src=\"\/migas-canas\/wp-content\/uploads\/sites\/8\/2013\/09\/PERIGALLO.jpg\" alt=\"\" width=\"800\" height=\"355\" srcset=\"https:\/\/static-blogs.hoy.es\/wp-content\/uploads\/sites\/8\/2013\/09\/PERIGALLO.jpg 800w, https:\/\/static-blogs.hoy.es\/wp-content\/uploads\/sites\/8\/2013\/09\/PERIGALLO-300x133.jpg 300w, https:\/\/static-blogs.hoy.es\/wp-content\/uploads\/sites\/8\/2013\/09\/PERIGALLO-768x341.jpg 768w\" sizes=\"(max-width: 800px) 100vw, 800px\" \/><\/a>calor, recuerdo al<strong> Perigallo<\/strong>; \u201c trabajo en el campo, no he ganado mucho pero no he tenido nunca a nadie que me mande\u201d.<br \/>\nAmigo Idelfonso, todav\u00eda te debo una visita a Oliva para que me ense\u00f1es t<strong>us \u201cjigueras\u201d y tus \u201cgorriatos<\/strong>\u201d tu libertad y tu limpieza de alma. y que me des a probar el vino del pueblo que tomado a tu lado seguro que es uno de los mejores pitarra de la carta de pitarras.<\/p>\n<!-- AddThis Advanced Settings generic via filter on the_content --><!-- AddThis Share Buttons generic via filter on the_content -->","protected":false},"excerpt":{"rendered":"<p>A los columnistas y blogueros de HOY les han entrevistado este verano. Han respondido a un cuestionario aderezado con los art\u00edculos de los que escribimos en esta secci\u00f3n. Casi todos hemos coincidido contando veranos de nuestro pasado, nadie ha hablado de los actuales. El recuerdo va tejiendo en la memoria una realidad idealizada debido a [&hellip;]<!-- AddThis Advanced Settings generic via filter on get_the_excerpt --><!-- AddThis Share Buttons generic via filter on get_the_excerpt --><\/p>\n","protected":false},"author":10,"featured_media":0,"comment_status":"open","ping_status":"closed","sticky":false,"template":"","format":"standard","meta":[],"categories":[2],"tags":[33,38,42,56,386,423,445,495,557,659,727,739,981,1026],"_links":{"self":[{"href":"https:\/\/blogs.hoy.es\/migas-canas\/wp-json\/wp\/v2\/posts\/315"}],"collection":[{"href":"https:\/\/blogs.hoy.es\/migas-canas\/wp-json\/wp\/v2\/posts"}],"about":[{"href":"https:\/\/blogs.hoy.es\/migas-canas\/wp-json\/wp\/v2\/types\/post"}],"author":[{"embeddable":true,"href":"https:\/\/blogs.hoy.es\/migas-canas\/wp-json\/wp\/v2\/users\/10"}],"replies":[{"embeddable":true,"href":"https:\/\/blogs.hoy.es\/migas-canas\/wp-json\/wp\/v2\/comments?post=315"}],"version-history":[{"count":0,"href":"https:\/\/blogs.hoy.es\/migas-canas\/wp-json\/wp\/v2\/posts\/315\/revisions"}],"wp:attachment":[{"href":"https:\/\/blogs.hoy.es\/migas-canas\/wp-json\/wp\/v2\/media?parent=315"}],"wp:term":[{"taxonomy":"category","embeddable":true,"href":"https:\/\/blogs.hoy.es\/migas-canas\/wp-json\/wp\/v2\/categories?post=315"},{"taxonomy":"post_tag","embeddable":true,"href":"https:\/\/blogs.hoy.es\/migas-canas\/wp-json\/wp\/v2\/tags?post=315"}],"curies":[{"name":"wp","href":"https:\/\/api.w.org\/{rel}","templated":true}]}}