{"id":321,"date":"2013-10-08T07:47:54","date_gmt":"2013-10-08T06:47:54","guid":{"rendered":"http:\/\/blogs.hoy.es\/migas-canas\/?p=321"},"modified":"2013-10-08T07:47:54","modified_gmt":"2013-10-08T06:47:54","slug":"avenida-juan-sebastian-el-cano","status":"publish","type":"post","link":"https:\/\/blogs.hoy.es\/migas-canas\/2013\/10\/08\/avenida-juan-sebastian-el-cano\/","title":{"rendered":"AVENIDA JUAN SEBASTI\u00c1N EL CANO"},"content":{"rendered":"<p><strong><a href=\"\/migas-canas\/wp-content\/uploads\/sites\/8\/2013\/10\/avenida.jpeg\"><img loading=\"lazy\" class=\"aligncenter size-full wp-image-322\" title=\"avenida\" src=\"\/migas-canas\/wp-content\/uploads\/sites\/8\/2013\/10\/avenida.jpeg\" alt=\"\" width=\"137\" height=\"99\" \/><\/a>La Avenida Juan Sebasti\u00e1n Elcano empieza en un taller de neum\u00e1ticos y termina en un bar<\/strong>, que como todos los bares, tiene pocos parroquianos, <strong>\u201cSe buscan clientes, no es necesario experiencia<\/strong>\u201dcuelgan algunos propietarios en las paredes de su local.<br \/>\nEn el bar Sango, se re\u00fanen 6 o 7 hombres mayores de 5O . Hombres acostumbrados a tomar un vino o echar la partida diaria, una cultura diferente a la actual en la que se sale un d\u00eda a la semana para beber todo junto en pocas horas.<br \/>\nEn la Avenida Juan Sebasti\u00e1n el Cano esta el<strong> bar Chinchorro<\/strong>, cerrado. <strong>La Abad\u00eda Misa de doce<\/strong>, cerrado. E<strong>l emigrante<\/strong>, que lo abren y lo cierran, creo que ha tenido 7 due\u00f1os en el \u00faltimo a\u00f1o. <strong>El dos palomas<\/strong>, que antes fue un chino, parece que ha funcionado bien este verano, situado en el punto mas alto de la avenida, corre una suave brisa en noches de calor.<br \/>\nEn Juan Sebasti\u00e1n Elcano esta la tienda de<strong> retales Ines Mar\u00ed<\/strong>, en la que nunca he entrado a pesar de su atractivo nombre, la\u00a0 relojer\u00eda donde compro\u00a0 la pila del reloj, la<strong> jugueter\u00eda Alegre.<\/strong>..<br \/>\nPor la acera, en la que a\u00f1os atr\u00e1s pasaban estudiantes, ahora se escucha la voz dulzona de los sudamericanos mezclados con los vecinos de toda la vida, hombres y mujeres mayores que compraron el piso cuando no era necesario las plazas de garajes. Ahora es imposible aparcar.<strong> En la avenida hay varios negocios de compra\/venta de oro<\/strong>, concentrando a personas de otros barrios, aunque a estas alturas de la legislatura mucha gente ya no tiene que vender.\u00a0 Mezclado, con\u00a0 gigantes de nueve plantas, se camufla un peque\u00f1o<strong> oasis,un para\u00edso de casitas\u00a0 blancas\u00a0 que pertenecen a militares.<\/strong> <strong>Siempre tuvieron\u00a0 buen gusto quienes dise\u00f1aron las formas de vivir de los poderoso<\/strong>s. Por la Avenida, desde que hicieron la autopista, ya no circulan pesados trailer, ahora, quien altera el sue\u00f1o de sus moradores, es el cami\u00f3n de la basura, que a las dos o tres de la madrugada enciende un ruidoso mecanismo de engranaje y poleas para vaciar los contenedores sin mano de obra humana.<br \/>\n<strong>Las farolas las han pintado de azul PP.<\/strong><br \/>\nLa que vend\u00eda fruta en la calle, cansada de que se la quitaran los municipales, alquilo el local de zapatero, que tambi\u00e9n cerro, y donde antes ol\u00eda a calcetines y calzadores ahora se disfruta de<strong> la fragancia del melocot\u00f3n, el tomate y la sand\u00eda<\/strong>, sin miedo.<br \/>\nAvenida Juan Sebasti\u00e1n el Cano, la calle donde siempre vuelvo, un barrio donde ya apenas conozco a nadie, solo a la muchacha que me vend\u00eda el peri\u00f3dico y sigue en el kiosco, <strong>esa muchacha que como dec\u00eda Serrat \u201ctuvo al barrio guardando cola, revoloteando como polillas en las farolas\u201d.<\/strong><br \/>\nYa no conozco a gente o ser\u00e1 que no veo bien. Algunas veces me quedo mirando y pienso que piensan que en estoy recreando en un escote, en un trasero, como un viejo verde, pero no saben que lo \u00fanico que veo es un borr\u00f3n, un bulto sin formas. <strong>Que seria de la vejez sin los ojos de<\/strong><\/p>\n<!-- AddThis Advanced Settings generic via filter on the_content --><!-- AddThis Share Buttons generic via filter on the_content -->","protected":false},"excerpt":{"rendered":"<p>La Avenida Juan Sebasti\u00e1n Elcano empieza en un taller de neum\u00e1ticos y termina en un bar, que como todos los bares, tiene pocos parroquianos, \u201cSe buscan clientes, no es necesario experiencia\u201dcuelgan algunos propietarios en las paredes de su local. En el bar Sango, se re\u00fanen 6 o 7 hombres mayores de 5O . Hombres acostumbrados [&hellip;]<!-- AddThis Advanced Settings generic via filter on get_the_excerpt --><!-- AddThis Share Buttons generic via filter on get_the_excerpt --><\/p>\n","protected":false},"author":10,"featured_media":0,"comment_status":"open","ping_status":"closed","sticky":false,"template":"","format":"standard","meta":[],"categories":[2],"tags":[10,91,115,195,229,398,473,576,718,732,949,950,1100],"_links":{"self":[{"href":"https:\/\/blogs.hoy.es\/migas-canas\/wp-json\/wp\/v2\/posts\/321"}],"collection":[{"href":"https:\/\/blogs.hoy.es\/migas-canas\/wp-json\/wp\/v2\/posts"}],"about":[{"href":"https:\/\/blogs.hoy.es\/migas-canas\/wp-json\/wp\/v2\/types\/post"}],"author":[{"embeddable":true,"href":"https:\/\/blogs.hoy.es\/migas-canas\/wp-json\/wp\/v2\/users\/10"}],"replies":[{"embeddable":true,"href":"https:\/\/blogs.hoy.es\/migas-canas\/wp-json\/wp\/v2\/comments?post=321"}],"version-history":[{"count":0,"href":"https:\/\/blogs.hoy.es\/migas-canas\/wp-json\/wp\/v2\/posts\/321\/revisions"}],"wp:attachment":[{"href":"https:\/\/blogs.hoy.es\/migas-canas\/wp-json\/wp\/v2\/media?parent=321"}],"wp:term":[{"taxonomy":"category","embeddable":true,"href":"https:\/\/blogs.hoy.es\/migas-canas\/wp-json\/wp\/v2\/categories?post=321"},{"taxonomy":"post_tag","embeddable":true,"href":"https:\/\/blogs.hoy.es\/migas-canas\/wp-json\/wp\/v2\/tags?post=321"}],"curies":[{"name":"wp","href":"https:\/\/api.w.org\/{rel}","templated":true}]}}