{"id":324,"date":"2013-10-15T07:30:04","date_gmt":"2013-10-15T06:30:04","guid":{"rendered":"http:\/\/blogs.hoy.es\/migas-canas\/?p=324"},"modified":"2013-10-15T07:30:04","modified_gmt":"2013-10-15T06:30:04","slug":"carla","status":"publish","type":"post","link":"https:\/\/blogs.hoy.es\/migas-canas\/2013\/10\/15\/carla\/","title":{"rendered":"CARLA"},"content":{"rendered":"<p><strong><a href=\"\/migas-canas\/wp-content\/uploads\/sites\/8\/2013\/10\/condes2.jpeg\"><img loading=\"lazy\" class=\"aligncenter  wp-image-328\" title=\"condes\" src=\"\/migas-canas\/wp-content\/uploads\/sites\/8\/2013\/10\/condes2.jpeg\" alt=\"\" width=\"179\" height=\"134\" \/><\/a>Carla<\/strong> es una ni\u00f1a de dos a\u00f1os que frecuenta los columpios de Conde de Barcelona.<strong> Un d\u00eda,me regalo un dibujo,<\/strong> que pinto mientras yo hablaba con su madre, Carla puso en el dibujo el entusiasmo y la emoci\u00f3n que ponen los ni\u00f1os en todo lo que hacen. Un dibujo sin forma, una mezcla de trazos an\u00e1rquicos de un solo color que para ella era su peque\u00f1o tesoro, lo mejor que haba hecho esa ma\u00f1ana, o esa semana, o en toda su corta vida. <strong>La mir\u00e9 y pens\u00e9 en el d\u00eda que se empieza a perder la inocencia<\/strong>. La generosidad de dar a los dem\u00e1s lo m\u00e1s preciado sin esperar nada a cambio. Mirando sus vivos ojillos, pens\u00e9: \u00bfEn que momento\u00a0 nos convertimos en adultos?, \u00bfen indiferentes?, \u00bfinsolidarios?, en personas que vivimos en un mundo en el dejamos que casi doscientas cong\u00e9neres se mueran ahogados y que pescadores no asistan a los que se est\u00e1n ahogando porque unos pol\u00edticos han dictado leyes que proh\u00edben socorrer a emigrantes\u00bfCuando abandonar\u00e1 Carla su espontaneidad?, \u00bfque circunstancia se dar\u00e1n en su vida para dar el paso a adulto?.<a href=\"\/migas-canas\/wp-content\/uploads\/sites\/8\/2013\/10\/emigrante.jpeg\"><img loading=\"lazy\" class=\"alignright size-full wp-image-330\" title=\"emigrante\" src=\"\/migas-canas\/wp-content\/uploads\/sites\/8\/2013\/10\/emigrante.jpeg\" alt=\"\" width=\"137\" height=\"103\" \/><\/a><br \/>\n\u00bfCuando pierde el ser humano la generosidad de compartir con otro ser humano?.<br \/>\n<strong>\u00bfCuado, Rajoy, dej\u00f3 de ser Carla<\/strong>, para convertirse en el salvador de la patria con el sueldo de parados, enfermos y jubilado? Un hombre que tanto da\u00f1o esta haciendo a todos menos a unos pocos, como dir\u00eda \u00e9l, esta asfixiando a sus compatriotas. <strong>Lidera el<\/strong> <strong>bandolerismo al rev\u00e9s, el que quita a los pobres para darle a los ricos<\/strong>. Lo que ara\u00f1a, sin compasi\u00f3n, de sueldos peque\u00f1os, va dirigido a ese agujero negro de brillantina y coche con chofer.<strong> La banca<\/strong>, esos que tienen como objetivo dar un pellizco, mientras m\u00e1s grande mejor,a las n\u00f3minas, enga\u00f1\u00e1ndoles con eso que llaman la letra chica. Esa parte del contrato que todo sabemos es donde nos van a dar el estacazo.<strong> \u00bf porque no proh\u00edben la letra chica?<\/strong><br \/>\nQuieren una sanidad privada,una ense\u00f1anza privada, un colegio de ni\u00f1os y otro de ni\u00f1as, que hagamos planes de pensiones, cuando es m\u00e1s f\u00e1cil que quiebre un banco que el Estado. <strong>todo su af\u00e1n es favorecer a los poderosos, no quieren que exista clase media solo ricos y pobres, y lo est\u00e1n consiguiendo.<\/strong><br \/>\nCuando Carla me regalo el dibujo, le ped\u00ed su l\u00e1piz, la ni\u00f1a no me lo dio. Carla protesto defendiendo lo suyo. Un comportamiento natural que ha dejado de ser natural en los adultos convirti\u00e9ndonos en seres manejable. Los gobernantes<strong> hace con nosotros los que les da la gana mientras que permanecemos inm\u00f3viles.<\/strong> Carla esa ni\u00f1a guapa de madre guapa es como todos los ni\u00f1os antes de caer en el molde que fabrican los que dirigen.<br \/>\n\u00bfCuando llegar\u00e1 el momento que Carla se convierta en uno de nosotros?, \u00bfo de ellos?, porque ya existe el nosotros y el ellos, aunque creo que con esa sonrisa ella nunca ser\u00e1 de ellos.<\/p>\n<!-- AddThis Advanced Settings generic via filter on the_content --><!-- AddThis Share Buttons generic via filter on the_content -->","protected":false},"excerpt":{"rendered":"<p>Carla es una ni\u00f1a de dos a\u00f1os que frecuenta los columpios de Conde de Barcelona. Un d\u00eda,me regalo un dibujo, que pinto mientras yo hablaba con su madre, Carla puso en el dibujo el entusiasmo y la emoci\u00f3n que ponen los ni\u00f1os en todo lo que hacen. Un dibujo sin forma, una mezcla de trazos [&hellip;]<!-- AddThis Advanced Settings generic via filter on get_the_excerpt --><!-- AddThis Share Buttons generic via filter on get_the_excerpt --><\/p>\n","protected":false},"author":10,"featured_media":0,"comment_status":"open","ping_status":"closed","sticky":false,"template":"","format":"standard","meta":[],"categories":[2],"tags":[18,113,213,287,299,341,769,866,898],"_links":{"self":[{"href":"https:\/\/blogs.hoy.es\/migas-canas\/wp-json\/wp\/v2\/posts\/324"}],"collection":[{"href":"https:\/\/blogs.hoy.es\/migas-canas\/wp-json\/wp\/v2\/posts"}],"about":[{"href":"https:\/\/blogs.hoy.es\/migas-canas\/wp-json\/wp\/v2\/types\/post"}],"author":[{"embeddable":true,"href":"https:\/\/blogs.hoy.es\/migas-canas\/wp-json\/wp\/v2\/users\/10"}],"replies":[{"embeddable":true,"href":"https:\/\/blogs.hoy.es\/migas-canas\/wp-json\/wp\/v2\/comments?post=324"}],"version-history":[{"count":0,"href":"https:\/\/blogs.hoy.es\/migas-canas\/wp-json\/wp\/v2\/posts\/324\/revisions"}],"wp:attachment":[{"href":"https:\/\/blogs.hoy.es\/migas-canas\/wp-json\/wp\/v2\/media?parent=324"}],"wp:term":[{"taxonomy":"category","embeddable":true,"href":"https:\/\/blogs.hoy.es\/migas-canas\/wp-json\/wp\/v2\/categories?post=324"},{"taxonomy":"post_tag","embeddable":true,"href":"https:\/\/blogs.hoy.es\/migas-canas\/wp-json\/wp\/v2\/tags?post=324"}],"curies":[{"name":"wp","href":"https:\/\/api.w.org\/{rel}","templated":true}]}}