{"id":33,"date":"2011-01-26T08:20:00","date_gmt":"2011-01-26T08:20:00","guid":{"rendered":"http:\/\/blogs.hoy.es\/migas-canas\/?p=33"},"modified":"2011-01-26T08:20:00","modified_gmt":"2011-01-26T08:20:00","slug":"niebla","status":"publish","type":"post","link":"https:\/\/blogs.hoy.es\/migas-canas\/2011\/01\/26\/niebla\/","title":{"rendered":"NIEBLA"},"content":{"rendered":"<div class=\"headline\">\n<div id=\"story-titulo\" class=\"ln\">\n<h1> <A href=\"http:\/\/www.hoy.es\/prensa\/20110126\/opinion\/niebla-20110126.html\" rel=\"nofollow\"               target=\"_self\">Niebla<\/a> <\/h1>\n<\/p><\/div>\n<\/p><\/div>\n<div class=\"subhead\"> <\/div>\n<div class=\"date\"> <\/div>\n<p> <strong><\/strong><\/p>\n<div class=\"OpcArt\">\n<div class=\"OpcArtB\">\n<div id=\"envianoticia\">\n<div id=\"contenidoenvianoticia\">\n<form name=\"envio_noticia\">\n<fieldset>\n<div class=\"envianoticia\">\n<div class=\"envianoticiaI\">\n<table border=\"0\" cellpadding=\"0\" cellspacing=\"0\" width=\"99%\">\n<tbody>\n<tr>\n<th>\n<\/th>\n<td><input name=\"nombre\" value=\"\" type=\"text\"><\/td>\n<th>\n<\/th>\n<td><input name=\"email_remitente\" value=\"\" type=\"text\"><\/td>\n<\/tr>\n<tr>\n<th>\n<\/th>\n<td><input name=\"para\" value=\"\" type=\"text\"><\/td>\n<th>\n<\/th>\n<\/tr>\n<\/tbody>\n<\/table><\/div>\n<div id=\"rectificanoticia\">\n<div id=\"contenidorectificanoticia\">\n<form action=\"\">\n<fieldset>\n<div class=\"rectificanoticia\">\n<div class=\"rectificanoticiaI\">\n<table border=\"0\" cellpadding=\"0\" cellspacing=\"0\" width=\"99%\">\n<tbody>\n<tr>\n<th width=\"12%\"><span class=\"obligatorio\">*<\/span><\/th>\n<td width=\"38%\"><input name=\"nombre\" value=\"\" type=\"text\"><\/td>\n<th width=\"9%\"><span class=\"obligatorio\">*<\/span><\/th>\n<td width=\"41%\"><input name=\"email\" value=\"\" type=\"text\"><\/td>\n<\/tr>\n<\/tbody>\n<\/table><\/div>\n<div class=\"rectificanoticiaD\">                           <textarea cols=\"5\" rows=\"5\"><\/textarea><\/div>\n<\/p><\/div>\n<\/fieldset><\/form>\n<\/p><\/div>\n<\/p><\/div>\n<\/p><\/div>\n<\/fieldset><\/form>\n<\/p><\/div>\n<\/p><\/div>\n<\/p><\/div>\n<div id=\"envialanoticia\">  <\/div>\n<div id=\"rectificalanoticia\">                                    <\/div>\n<\/p><\/div>\n<div class=\"barhead\">\n<div class=\"ln\" id=\"story-entradilla\"> <\/div>\n<\/p><\/div>\n<div class=\"p\">Buscando al poeta que llevo dentro me asomo al puente del atardecer para encontrar inspiraci\u00f3n entre la niebla. Espero que aparezca esa met\u00e1fora que no soy capaz de conseguir. Palabras que expresen la belleza y el color que componen el sol, el agua del Guadiana y la bruma, pero, quiz\u00e1s, yo no lleve ning\u00fan poeta dentro y no transmita sensaciones. La vista se me va a la decenas de hombres y mujeres de verde que no paran de limpiar los restos de una ma\u00f1ana de mercadillo en Badajoz y me acuerdo del art\u00edculo de Alberto Gonz\u00e1lez (en HOY) en el que establec\u00eda un paralelismo entre lo absurdo de prohibir fumar en los bares y el de sentir rechazo si se pone a tu lado, en una cafeter\u00eda, un operario de limpieza con el traje de faena aduciendo que va poco aseado. Veo a los que pasean en bicicleta y andando, a los que hacen fotograf\u00edas y mi curiosidad, que ya no es de poeta, gira hacia la rotonda que va al pol\u00edgono de La Paz. \u00bfC\u00f3mo no habr\u00e1 m\u00e1s accidentes en estos d\u00edas sin visibilidad? Mientras miro como me mira el gigante edificio de la Caja Badajoz se me va la vista a lo peque\u00f1o, a ese candado con el nombre de Mar\u00eda y Pablo &#8216;fechados&#8217; para siempre en la barandilla. Me gustar\u00eda firmar esta carta como poeta y ser capaz de escribir todo lo que siento, pero me sale lo que veo. <\/div>\n<!-- AddThis Advanced Settings generic via filter on the_content --><!-- AddThis Share Buttons generic via filter on the_content -->","protected":false},"excerpt":{"rendered":"<p>Niebla * * Buscando al poeta que llevo dentro me asomo al puente del atardecer para encontrar inspiraci\u00f3n entre la niebla. Espero que aparezca esa met\u00e1fora que no soy capaz de conseguir. Palabras que expresen la belleza y el color que componen el sol, el agua del Guadiana y la bruma, pero, quiz\u00e1s, yo no [&hellip;]<!-- AddThis Advanced Settings generic via filter on get_the_excerpt --><!-- AddThis Share Buttons generic via filter on get_the_excerpt --><\/p>\n","protected":false},"author":10,"featured_media":0,"comment_status":"open","ping_status":"closed","sticky":false,"template":"","format":"standard","meta":[],"categories":[4],"tags":[],"_links":{"self":[{"href":"https:\/\/blogs.hoy.es\/migas-canas\/wp-json\/wp\/v2\/posts\/33"}],"collection":[{"href":"https:\/\/blogs.hoy.es\/migas-canas\/wp-json\/wp\/v2\/posts"}],"about":[{"href":"https:\/\/blogs.hoy.es\/migas-canas\/wp-json\/wp\/v2\/types\/post"}],"author":[{"embeddable":true,"href":"https:\/\/blogs.hoy.es\/migas-canas\/wp-json\/wp\/v2\/users\/10"}],"replies":[{"embeddable":true,"href":"https:\/\/blogs.hoy.es\/migas-canas\/wp-json\/wp\/v2\/comments?post=33"}],"version-history":[{"count":0,"href":"https:\/\/blogs.hoy.es\/migas-canas\/wp-json\/wp\/v2\/posts\/33\/revisions"}],"wp:attachment":[{"href":"https:\/\/blogs.hoy.es\/migas-canas\/wp-json\/wp\/v2\/media?parent=33"}],"wp:term":[{"taxonomy":"category","embeddable":true,"href":"https:\/\/blogs.hoy.es\/migas-canas\/wp-json\/wp\/v2\/categories?post=33"},{"taxonomy":"post_tag","embeddable":true,"href":"https:\/\/blogs.hoy.es\/migas-canas\/wp-json\/wp\/v2\/tags?post=33"}],"curies":[{"name":"wp","href":"https:\/\/api.w.org\/{rel}","templated":true}]}}