{"id":333,"date":"2013-10-30T08:33:14","date_gmt":"2013-10-30T07:33:14","guid":{"rendered":"http:\/\/blogs.hoy.es\/migas-canas\/?p=333"},"modified":"2013-10-30T08:33:14","modified_gmt":"2013-10-30T07:33:14","slug":"tomas-y-el-galeon","status":"publish","type":"post","link":"https:\/\/blogs.hoy.es\/migas-canas\/2013\/10\/30\/tomas-y-el-galeon\/","title":{"rendered":"TOM\u00c1S Y EL GALE\u00d3N"},"content":{"rendered":"<p><strong><a href=\"\/migas-canas\/wp-content\/uploads\/sites\/8\/2013\/10\/BARES-DE-BARRUI1.jpeg\"><img loading=\"lazy\" class=\"alignleft size-full wp-image-339\" title=\"BARES DE BARRUI\" src=\"\/migas-canas\/wp-content\/uploads\/sites\/8\/2013\/10\/BARES-DE-BARRUI1.jpeg\" alt=\"\" width=\"130\" height=\"107\" \/><\/a>El Gale\u00f3n<\/strong>, el bar donde he desayunado estos \u00faltimos a\u00f1os, cerr\u00f3 como consecuencia de esta situaci\u00f3n que esta dejando a tanta gente en el camino. Lo peor de su cierre, para mi, es que ya no veo a Tom\u00e1s. <strong>A Tom\u00e1s lo conoc\u00ed a esa hora temprana en la que la dura la realidad comienza a anular los sue\u00f1os. Intensos instantes que duran lo que tarda en enfriarse un caf\u00e9 hirviendo<\/strong>. Tendr\u00eda m\u00e1s de 70 a\u00f1os. Cuando llegaba al bar se sentaba junto a mi. Echaba en la taza un poco de gasolina,co\u00f1ac; Yo, le ced\u00eda el peri\u00f3dico; \u00c9l, se ajustaba las gafas; comprobaba el cup\u00f3n. A continuaci\u00f3n, comentaba, en voz alta, la noticia que le causaba mas impacto. <strong>Ten\u00eda una habilidad especial para sacar entre las p\u00e1ginas del HOY lo m\u00e1s destacado del d\u00eda.<\/strong>Despu\u00e9s del caf\u00e9, se colocaba el sombrero y sal\u00eda del bar para recorrer durante toda la ma\u00f1ana las calles pacenses, sin rumbo. Un d\u00eda iba a <strong>San Francisco, otro a la Estaci\u00f3n, a San Roque<\/strong>&#8230; El \u00fanico objetivo que ten\u00eda era rebajar el n\u00famero de asteriscos de su anal\u00edtica. Se aficiono al senderismo urbano desde que el m\u00e9dico de cabecera le recomend\u00f3 que anduviese una hora diaria. Le gustaba observar la ciudad. Hac\u00eda el trayecto de un tir\u00f3n, sin volver a repostar gasolina hasta el d\u00eda siguiente.<\/p>\n<p><strong>Ya no veo a Tom\u00e1s<\/strong>. Cuando cierran un bar algo de uno se va, a veces se pierde el contacto para siempre con personas a las que has cogido cari\u00f1o, notas en la piel su ausencia, la falta de esos momentos, de esas peque\u00f1as cosas que son las que nos hacen sentir vivos. De Tomas conoc\u00eda su rutina como su propia familia. Ahora,los clientes del Gale\u00f3n, andamos desperdigados, como pollos sin cabeza,los bares no solo son de los due\u00f1os tambi\u00e9n son nuestros.<br \/>\n<strong>Busco en otros locales el calor que me daba la esquina del Gale\u00f3n<\/strong>, esa entra\u00f1abilidad perdida,la confianza, la seguridad de lo conocido. En otras barras me siento extra\u00f1o, como si no perteneciera a ellas. No acabo de encontrar mi sitio. No encuentro el rinc\u00f3n desde donde desperezarme del sue\u00f1o de la noche y empezar a mirar el mundo y donde aprender de gente como <strong>Tomas. Tom\u00e1s pertenece a ese grupo invisible de personas mayores que entre iron\u00edas y bromas dicen sentencias que no hay que dejar escapar para que la vida sea m\u00e1s tuya, m\u00e1s llevadera.<\/strong> Conociendo las cosas es como se manejan. pero igual que los amores,las cosas, no hay que forzarlas, llegan solas, que si no luego pasa lo que pasa. mientras llega mi bar me conformo con una diferente cada d\u00eda. Maldita crisis.<\/p>\n<!-- AddThis Advanced Settings generic via filter on the_content --><!-- AddThis Share Buttons generic via filter on the_content -->","protected":false},"excerpt":{"rendered":"<p>El Gale\u00f3n, el bar donde he desayunado estos \u00faltimos a\u00f1os, cerr\u00f3 como consecuencia de esta situaci\u00f3n que esta dejando a tanta gente en el camino. Lo peor de su cierre, para mi, es que ya no veo a Tom\u00e1s. A Tom\u00e1s lo conoc\u00ed a esa hora temprana en la que la dura la realidad comienza [&hellip;]<!-- AddThis Advanced Settings generic via filter on get_the_excerpt --><!-- AddThis Share Buttons generic via filter on get_the_excerpt --><\/p>\n","protected":false},"author":10,"featured_media":0,"comment_status":"open","ping_status":"closed","sticky":false,"template":"","format":"standard","meta":[],"categories":[2],"tags":[483,529,601,602,941,945,1025],"_links":{"self":[{"href":"https:\/\/blogs.hoy.es\/migas-canas\/wp-json\/wp\/v2\/posts\/333"}],"collection":[{"href":"https:\/\/blogs.hoy.es\/migas-canas\/wp-json\/wp\/v2\/posts"}],"about":[{"href":"https:\/\/blogs.hoy.es\/migas-canas\/wp-json\/wp\/v2\/types\/post"}],"author":[{"embeddable":true,"href":"https:\/\/blogs.hoy.es\/migas-canas\/wp-json\/wp\/v2\/users\/10"}],"replies":[{"embeddable":true,"href":"https:\/\/blogs.hoy.es\/migas-canas\/wp-json\/wp\/v2\/comments?post=333"}],"version-history":[{"count":0,"href":"https:\/\/blogs.hoy.es\/migas-canas\/wp-json\/wp\/v2\/posts\/333\/revisions"}],"wp:attachment":[{"href":"https:\/\/blogs.hoy.es\/migas-canas\/wp-json\/wp\/v2\/media?parent=333"}],"wp:term":[{"taxonomy":"category","embeddable":true,"href":"https:\/\/blogs.hoy.es\/migas-canas\/wp-json\/wp\/v2\/categories?post=333"},{"taxonomy":"post_tag","embeddable":true,"href":"https:\/\/blogs.hoy.es\/migas-canas\/wp-json\/wp\/v2\/tags?post=333"}],"curies":[{"name":"wp","href":"https:\/\/api.w.org\/{rel}","templated":true}]}}