{"id":341,"date":"2013-11-09T13:06:54","date_gmt":"2013-11-09T12:06:54","guid":{"rendered":"http:\/\/blogs.hoy.es\/migas-canas\/?p=341"},"modified":"2013-11-09T13:06:54","modified_gmt":"2013-11-09T12:06:54","slug":"noche-de-farra","status":"publish","type":"post","link":"https:\/\/blogs.hoy.es\/migas-canas\/2013\/11\/09\/noche-de-farra\/","title":{"rendered":"NOCHE DE FARRA"},"content":{"rendered":"<p><strong><a href=\"\/migas-canas\/wp-content\/uploads\/sites\/8\/2013\/11\/cafe-victoria.jpg\"><img loading=\"lazy\" class=\"aligncenter size-full wp-image-344\" title=\"cafe victoria\" src=\"\/migas-canas\/wp-content\/uploads\/sites\/8\/2013\/11\/cafe-victoria.jpg\" alt=\"\" width=\"600\" height=\"400\" srcset=\"https:\/\/static-blogs.hoy.es\/wp-content\/uploads\/sites\/8\/2013\/11\/cafe-victoria.jpg 600w, https:\/\/static-blogs.hoy.es\/wp-content\/uploads\/sites\/8\/2013\/11\/cafe-victoria-300x200.jpg 300w\" sizes=\"(max-width: 600px) 100vw, 600px\" \/><\/a>Ya no recuerdo cu\u00e1nto tiempo llevaba sin salir por la noche<\/strong>. Me gustan m\u00e1s las ma\u00f1anas, madrugar. En Verano sentir el frescor del aire y en invierno el viento helador que corta como un placentero bals\u00e1mico.<strong> Sin embargo,el otro d\u00eda,s\u00e1bado,sal\u00ed,<\/strong> como cuando tenia diez a\u00f1os menos, en un intento de regresar a esos ambientes que ya no son m\u00edos.<\/p>\n<p>No soy de pub,ni de esas discoteca donde se baila,se liga y no se habla.<strong> Comenc\u00e9 mi marcha nocturna a mediod\u00eda, que es la mejor hora para empezar una noch<\/strong>e. En e<strong>l Anemois<\/strong> tom\u00e9 la primera cerveza, la sirven en una jarra con suficiente cantidad para bebedores sedientos. Luego, fu\u00ed andando, sin coche, por la Avenida de Huelva y as\u00ed evitar un encuentro con los municipales que ya no s\u00f3lo comprueban el alcohol que llevas ebn el cuerpo, tambi\u00e9n los parabrisas y el dibujo de las ruedas. Estuve tentado de parar en<strong> San Francisco, a los calamares<\/strong>. Despu\u00e9s de subir la custa de la calle del Obispo entr\u00e9 en otro bar, no s\u00e9 como se llama, mir\u00e9 el nombre, intent\u00e9 memorizarlo, pero despu\u00e9s de una noche de farra uno no recuerda nada.Est\u00e1 en frente del antiguo B\u00e1rbara de Braganza, desde donde, muchos a\u00f1os atr\u00e1s<strong>,las ni\u00f1as, a la hora del recreo, tiraban tizas a los ni\u00f1os<\/strong> cuando ibamos a los futbolines. Por aquel entonces exist\u00eda un Instituto para ni\u00f1os y otras para ni\u00f1as como ahora quiere imponer Wert en un p\u00e1tetico retroceso.<\/p>\n<p><strong>Fu\u00ed a un local nuevo de la calle San Sisenand<\/strong>o, e<strong>l Calabuco<\/strong> creo que se llama. Lo tiene Abd\u00f3n,el que fue prisente de la falcap. En la barra ten\u00eda la fotograf\u00eda de un vagabundo que recorr\u00eda las calles del centro de Badajoz en los a\u00f1os 80 con pelo largo y rizada y barba tupida y enmara\u00f1ada<strong>.Termine en el antiguo caf\u00e9 Victoria hoy Carmen<\/strong> donde una simp\u00e1tica camarera me sirvi\u00f3 un gin-tonic en copa.El \u00faltimo que tom\u00e9 fue en un vaso de tubo con dos hielos. \u00c9ste ten\u00eda lim\u00f3n eprimido, unas bolitas de ar\u00e1ndanos y no s\u00e9 cuatas cosas m\u00e1s. Auque, la verdad, lo que m\u00e1s me apetec\u00eda era estar en mi casa sentado en el brasero con un caf\u00e9 con magdalena.<\/p>\n<p><strong>Si quieres ligar, me dijero,ponte la alianza de matrimonio<\/strong>. La alianza me la quit\u00e9 en cuanto sal\u00ed de la Soledad. Me atosigaba aquel anillo en un dedo que siempre hab\u00eda tenido vocaci\u00f3n de estar suielto. No s\u00e9 c\u00f3mo empec\u00e9 a hablar con una chica que dec\u00eda con frecuencia \u201clo siguiente\u201d Hace frio,no,lo siguiente;tienes habre,no,lo siguiente.Luego con otra que decia \u201cya te vale\u201d. Eres guapa,ya te vale.As\u00ed que ante la imposibilidad de tener una conversaci\u00f3n me fui para casa con la intenci\u00f3n de no volver a salir.<\/p>\n<p><strong>Antes entre en una farmacia a comprar almax. Habia destrozado la cartera y la ma\u00f1ana de domingo mientras una bolita de fuego me subia y bajaba por el esofag<\/strong>o.<\/p>\n<!-- AddThis Advanced Settings generic via filter on the_content --><!-- AddThis Share Buttons generic via filter on the_content -->","protected":false},"excerpt":{"rendered":"<p>Ya no recuerdo cu\u00e1nto tiempo llevaba sin salir por la noche. Me gustan m\u00e1s las ma\u00f1anas, madrugar. En Verano sentir el frescor del aire y en invierno el viento helador que corta como un placentero bals\u00e1mico. Sin embargo,el otro d\u00eda,s\u00e1bado,sal\u00ed, como cuando tenia diez a\u00f1os menos, en un intento de regresar a esos ambientes que [&hellip;]<!-- AddThis Advanced Settings generic via filter on get_the_excerpt --><!-- AddThis Share Buttons generic via filter on get_the_excerpt --><\/p>\n","protected":false},"author":10,"featured_media":0,"comment_status":"open","ping_status":"closed","sticky":false,"template":"","format":"standard","meta":[],"categories":[2],"tags":[11,49,88,185,215,543,757,1048],"_links":{"self":[{"href":"https:\/\/blogs.hoy.es\/migas-canas\/wp-json\/wp\/v2\/posts\/341"}],"collection":[{"href":"https:\/\/blogs.hoy.es\/migas-canas\/wp-json\/wp\/v2\/posts"}],"about":[{"href":"https:\/\/blogs.hoy.es\/migas-canas\/wp-json\/wp\/v2\/types\/post"}],"author":[{"embeddable":true,"href":"https:\/\/blogs.hoy.es\/migas-canas\/wp-json\/wp\/v2\/users\/10"}],"replies":[{"embeddable":true,"href":"https:\/\/blogs.hoy.es\/migas-canas\/wp-json\/wp\/v2\/comments?post=341"}],"version-history":[{"count":0,"href":"https:\/\/blogs.hoy.es\/migas-canas\/wp-json\/wp\/v2\/posts\/341\/revisions"}],"wp:attachment":[{"href":"https:\/\/blogs.hoy.es\/migas-canas\/wp-json\/wp\/v2\/media?parent=341"}],"wp:term":[{"taxonomy":"category","embeddable":true,"href":"https:\/\/blogs.hoy.es\/migas-canas\/wp-json\/wp\/v2\/categories?post=341"},{"taxonomy":"post_tag","embeddable":true,"href":"https:\/\/blogs.hoy.es\/migas-canas\/wp-json\/wp\/v2\/tags?post=341"}],"curies":[{"name":"wp","href":"https:\/\/api.w.org\/{rel}","templated":true}]}}