{"id":35,"date":"2011-02-28T08:53:00","date_gmt":"2011-02-28T08:53:00","guid":{"rendered":"http:\/\/blogs.hoy.es\/migas-canas\/?p=35"},"modified":"2011-02-28T08:53:00","modified_gmt":"2011-02-28T08:53:00","slug":"de-libros-la-escoba","status":"publish","type":"post","link":"https:\/\/blogs.hoy.es\/migas-canas\/2011\/02\/28\/de-libros-la-escoba\/","title":{"rendered":"DE LOS LIBROS A LA ESCOBA"},"content":{"rendered":"<p>   <meta http-equiv=\"CONTENT-TYPE\" content=\"text\/html; charset=utf-8\"><title><\/title><meta name=\"GENERATOR\" content=\"OpenOffice.org 2.2  (Linux)\"><meta name=\"CREATED\" content=\"20110223;22343000\"><meta name=\"CHANGED\" content=\"20110224;8480100\">     <\/p>\n<style type=\"text\/css\">  <\/style>\n<p style=\"margin-bottom: 0cm;\">Contaba d\u00edas atr\u00e1s el peri\u00f3dico,como un hecho excepcional, que la nueva empresa de limpieza ten\u00eda entre sus trabajadores a licenciados y diplomados. Esto me ha hecho recordar mi \u00e9poca de estudiante, yo, y otros estudiantes como yo, trabajabamos durante los veranos en el campo recolectando frutas. Nos desplaz\u00e1bamos en  bicicleta a fincas donde compartiamos con los jornaleros; escaleras, cubos, tractor y amistad. En septiembre nos separabos.Mientras los jornaleros iban a la vendimia a Almendralejo o Francia.Nosotros, con manos encallecidas, cambiabamos el rudo tacto del campo por el suave cristal del bol\u00edgrafo. Pagabamos  matr\u00edculas y libros.Comenzaba un nuevo curso. Cuando se terminaba la carrera se hac\u00eda la mili: m\u00e1s de un a\u00f1o defendiendo a la patria con un cetme y mucha disciplina en cuarteles alejados de casa. Una vez licenciados, por segunda vez,se iniciaba la busqueda del trabajo para el que nos hab\u00edan preparado, \u00bfcomo? Se segu\u00eda estudiando en academias que se pagaban alternando las horas dedicadas al temario con trabajos ocasionales en empresas de mudanzas,bares,obras&#8230;Luego,los que vivieron ese largo camino de esfuerzo y sacrificio,cuando tuvieron el trabajo deseado, lo valoraron m\u00e1s que aquelos a los que le regalaron las cosas. Por eso, no esta mal que los inicios laborales de algunos licenciados sean en trabajos de limpieza.Ya encontrar\u00e1 cada uno su sitio y le dar\u00e1n el valor adecuado.<\/p>\n<!-- AddThis Advanced Settings generic via filter on the_content --><!-- AddThis Share Buttons generic via filter on the_content -->","protected":false},"excerpt":{"rendered":"<p>Contaba d\u00edas atr\u00e1s el peri\u00f3dico,como un hecho excepcional, que la nueva empresa de limpieza ten\u00eda entre sus trabajadores a licenciados y diplomados. Esto me ha hecho recordar mi \u00e9poca de estudiante, yo, y otros estudiantes como yo, trabajabamos durante los veranos en el campo recolectando frutas. Nos desplaz\u00e1bamos en bicicleta a fincas donde compartiamos con [&hellip;]<!-- AddThis Advanced Settings generic via filter on get_the_excerpt --><!-- AddThis Share Buttons generic via filter on get_the_excerpt --><\/p>\n","protected":false},"author":10,"featured_media":0,"comment_status":"open","ping_status":"closed","sticky":false,"template":"","format":"standard","meta":[],"categories":[4],"tags":[],"_links":{"self":[{"href":"https:\/\/blogs.hoy.es\/migas-canas\/wp-json\/wp\/v2\/posts\/35"}],"collection":[{"href":"https:\/\/blogs.hoy.es\/migas-canas\/wp-json\/wp\/v2\/posts"}],"about":[{"href":"https:\/\/blogs.hoy.es\/migas-canas\/wp-json\/wp\/v2\/types\/post"}],"author":[{"embeddable":true,"href":"https:\/\/blogs.hoy.es\/migas-canas\/wp-json\/wp\/v2\/users\/10"}],"replies":[{"embeddable":true,"href":"https:\/\/blogs.hoy.es\/migas-canas\/wp-json\/wp\/v2\/comments?post=35"}],"version-history":[{"count":0,"href":"https:\/\/blogs.hoy.es\/migas-canas\/wp-json\/wp\/v2\/posts\/35\/revisions"}],"wp:attachment":[{"href":"https:\/\/blogs.hoy.es\/migas-canas\/wp-json\/wp\/v2\/media?parent=35"}],"wp:term":[{"taxonomy":"category","embeddable":true,"href":"https:\/\/blogs.hoy.es\/migas-canas\/wp-json\/wp\/v2\/categories?post=35"},{"taxonomy":"post_tag","embeddable":true,"href":"https:\/\/blogs.hoy.es\/migas-canas\/wp-json\/wp\/v2\/tags?post=35"}],"curies":[{"name":"wp","href":"https:\/\/api.w.org\/{rel}","templated":true}]}}