{"id":351,"date":"2013-12-05T09:06:16","date_gmt":"2013-12-05T08:06:16","guid":{"rendered":"http:\/\/blogs.hoy.es\/migas-canas\/?p=351"},"modified":"2013-12-05T09:06:16","modified_gmt":"2013-12-05T08:06:16","slug":"juancho-perez-oscar-de-paula-o-la-sencillez-del-deportista","status":"publish","type":"post","link":"https:\/\/blogs.hoy.es\/migas-canas\/2013\/12\/05\/juancho-perez-oscar-de-paula-o-la-sencillez-del-deportista\/","title":{"rendered":"JUANCHO P\u00c9REZ, OSCAR DE PAULA O LA SENCILLEZ"},"content":{"rendered":"<p><a href=\"\/migas-canas\/wp-content\/uploads\/sites\/8\/2013\/12\/juancho-1.jpeg\"><img loading=\"lazy\" class=\"aligncenter size-full wp-image-352\" title=\"juancho 1\" src=\"\/migas-canas\/wp-content\/uploads\/sites\/8\/2013\/12\/juancho-1.jpeg\" alt=\"\" width=\"89\" height=\"116\" \/><\/a>Recuerdo, hace mucho a\u00f1os, haber visto como se agachaba para salir por la puerta de la buhardilla: un pub que se llenaba los d\u00edas previos a la navidad y donde terminaban todas las comidas de compa\u00f1eros de trabajo. Llamaba la atenci\u00f3n su envergadura, y unos brazos como columnas. Le mir\u00e1bamos de reojo, su cara nos sonaba de la tele. \u201c\u00a1<strong>Juancho Perez!\u201d<\/strong>,grito alguien. <strong>Un pedazo de t\u00edo de m\u00e1s de dos metros de m\u00fasculo que triunfaba en el equipo del Barcelona y de la Selecci\u00f3n Espa\u00f1ola de balonmano.<\/strong> Juancho, pasaba los pocos d\u00edas que ten\u00eda libre, en Badajoz, con su familia. Ahora, al cabo de los a\u00f1os, coincido con \u00e9l por la calle, en la consulta del m\u00e9dico, haciendo la compra. <strong>Parece m\u00e1s bajo pero sigue siendo igual de alto.<\/strong> Algunos m\u00fasculos se le han transformado en grasa. En la ciudad existe un pabell\u00f3n deportivo con su nombre. Fue presidente, entrenador y hasta jugador de un club de balonmano local. Aprovecha su popularidad para apoyar a los m\u00e1s d\u00e9biles. <strong>Juancho, una persona que ha conocido la fama, que probablemente sea el mejor deportista que ha salido de Badajoz y uno de los prestigioso de Espa\u00f1a,<\/strong> un tipo sencillo y cercano. A Juancho lo conozco a trav\u00e9s de su madre, Luc\u00eda, y de su hermana: una hermosa chica de penetrante ojos verdes, una familia alegre y campechana, Juancho, un t\u00edo con los pies en el suelo al que la fama no ha hecho perder la cabeza. Ahora, en Badajoz, <strong>sigue luchando por un deporte que ama regalando parte de su tiempo y dinero a los que empiezan.<\/strong><a href=\"\/migas-canas\/wp-content\/uploads\/sites\/8\/2013\/12\/juancho-2.jpeg\"><img loading=\"lazy\" class=\"alignright size-full wp-image-353\" title=\"juancho 2\" src=\"\/migas-canas\/wp-content\/uploads\/sites\/8\/2013\/12\/juancho-2.jpeg\" alt=\"\" width=\"111\" height=\"107\" \/><\/a><br \/>\n<a href=\"\/migas-canas\/wp-content\/uploads\/sites\/8\/2013\/12\/de-paula1.jpeg\"><img loading=\"lazy\" class=\"alignleft size-full wp-image-354\" title=\"de paula1\" src=\"\/migas-canas\/wp-content\/uploads\/sites\/8\/2013\/12\/de-paula1.jpeg\" alt=\"\" width=\"130\" height=\"98\" \/><\/a>Antes de conocer a <strong>De Paula<\/strong>, recuerdo que o\u00ed en un programa deportivo decir que le hab\u00edan propuesto, en San Sebastian, dirigir la escuela de f\u00fatbol, pero eligi\u00f3 venirse a su tierra. <strong>Es Oliventino. Vive en Badajoz<\/strong>. <strong>Jugaba a f\u00fatbol en la Real Sociedad.<\/strong> De Paula era muy querido en San Sebasti\u00e1n. A de Paula lo conoc\u00ed por casualidad, un tipo alegre, un deportista al que me encuentro montando en bici,o corriendo en la cinta del gimnasio entre sudorosos barrigones. \u00c9l, todav\u00eda conserva la figura atl\u00e9tica de futbolista. siempre que me ve se para para saludarme con amabilidad, <strong>De Paula,igual que Juancho, no se ha dejado arrastras por la peligrosa corriente de la fama<\/strong> quiz\u00e1s por eso se ve en su cara reflejada la felicidad.<br \/>\nAhora que Belen Esteban ha hecho un libro que, hoy, cuando escribo esto, va por la cuarta edici\u00f3n; que en televisi\u00f3n triunfa la ordinariez y se disputan entrevistar a un asesino de ni\u00f1as; que la cultura se la est\u00e1n cargando;que la ineptitud esta por encima de la inteligencia; que el que m\u00e1s chilla es el que m\u00e1s raz\u00f3n tiene; que lo soez triunfa sobre lo cort\u00e9s; que las buenas gentes est\u00e1n escondidas y los que salen a la luz son los otros, eso que est\u00e1n constantemente en los medios. Los que venden su inmoralidad para que los ni\u00f1os los tengan como modelo, en estos tiempos que nos ha tocado vivir crece m\u00e1s mi admiraci\u00f3n por estos deportistas que pasan desapercibida en una ciudad peque\u00f1a y que viven con naturalidad despu\u00e9s de haber ascendido sin haber escalado el f\u00e1cil pelda\u00f1o que transforma personas en juguetes,en famosos. <strong>Dos extreme\u00f1os que han sabiendo digerir y dirigir sus vidas al margen del brillo chill\u00f3n de las luces.<\/strong><\/p>\n<!-- AddThis Advanced Settings generic via filter on the_content --><!-- AddThis Share Buttons generic via filter on the_content -->","protected":false},"excerpt":{"rendered":"<p>Recuerdo, hace mucho a\u00f1os, haber visto como se agachaba para salir por la puerta de la buhardilla: un pub que se llenaba los d\u00edas previos a la navidad y donde terminaban todas las comidas de compa\u00f1eros de trabajo. Llamaba la atenci\u00f3n su envergadura, y unos brazos como columnas. Le mir\u00e1bamos de reojo, su cara nos [&hellip;]<!-- AddThis Advanced Settings generic via filter on get_the_excerpt --><!-- AddThis Share Buttons generic via filter on get_the_excerpt --><\/p>\n","protected":false},"author":10,"featured_media":0,"comment_status":"open","ping_status":"closed","sticky":false,"template":"","format":"standard","meta":[],"categories":[2],"tags":[108,126,134,331,578,597,774,868,947,954],"_links":{"self":[{"href":"https:\/\/blogs.hoy.es\/migas-canas\/wp-json\/wp\/v2\/posts\/351"}],"collection":[{"href":"https:\/\/blogs.hoy.es\/migas-canas\/wp-json\/wp\/v2\/posts"}],"about":[{"href":"https:\/\/blogs.hoy.es\/migas-canas\/wp-json\/wp\/v2\/types\/post"}],"author":[{"embeddable":true,"href":"https:\/\/blogs.hoy.es\/migas-canas\/wp-json\/wp\/v2\/users\/10"}],"replies":[{"embeddable":true,"href":"https:\/\/blogs.hoy.es\/migas-canas\/wp-json\/wp\/v2\/comments?post=351"}],"version-history":[{"count":0,"href":"https:\/\/blogs.hoy.es\/migas-canas\/wp-json\/wp\/v2\/posts\/351\/revisions"}],"wp:attachment":[{"href":"https:\/\/blogs.hoy.es\/migas-canas\/wp-json\/wp\/v2\/media?parent=351"}],"wp:term":[{"taxonomy":"category","embeddable":true,"href":"https:\/\/blogs.hoy.es\/migas-canas\/wp-json\/wp\/v2\/categories?post=351"},{"taxonomy":"post_tag","embeddable":true,"href":"https:\/\/blogs.hoy.es\/migas-canas\/wp-json\/wp\/v2\/tags?post=351"}],"curies":[{"name":"wp","href":"https:\/\/api.w.org\/{rel}","templated":true}]}}