{"id":356,"date":"2013-12-17T08:39:48","date_gmt":"2013-12-17T07:39:48","guid":{"rendered":"http:\/\/blogs.hoy.es\/migas-canas\/?p=356"},"modified":"2013-12-17T08:39:48","modified_gmt":"2013-12-17T07:39:48","slug":"comida-entre-companeros","status":"publish","type":"post","link":"https:\/\/blogs.hoy.es\/migas-canas\/2013\/12\/17\/comida-entre-companeros\/","title":{"rendered":"COMIDA ENTRE COMPA\u00d1EROS  (Para Diana)"},"content":{"rendered":"<p><strong><a href=\"\/migas-canas\/wp-content\/uploads\/sites\/8\/2013\/12\/navidad.jpeg\"><img loading=\"lazy\" class=\"aligncenter size-full wp-image-358\" title=\"navidad\" src=\"\/migas-canas\/wp-content\/uploads\/sites\/8\/2013\/12\/navidad.jpeg\" alt=\"\" width=\"157\" height=\"234\" \/><\/a>A los que nos gusta escribir no podemos evitar hacer un articulo de navidad en diciembre<\/strong>. Un mes dulz\u00f3n y recurrente que comienza con la negaci\u00f3n de seguir todos sus pasos y se va con doce uvas empapadas en champ\u00e1n.<br \/>\n<strong>\u201c\u00a1No me gustan las Navidades!<\/strong>\u201d Afirmamos con rotundidad muchos de los que un d\u00eda aparecemos en la comida de los compa\u00f1eros de trabajo con un gorro, una nariz de payaso y un collar de papeles de colorines alrededor del cuello<strong> animados por la minifalda y las medias negras de la chica que ha venido ha realizar la sustituci\u00f3n de las Pascuas. Llenamos el vaso una y otra vez como si tuvi\u00e9ramos un h\u00edgado de 20 a\u00f1os,<\/strong> como si ma\u00f1ana no existiera, olvid\u00e1ndonos de que en casa nos espera la rutina de un mi\u00e9rcoles cualquiera, pero ante la risa de la muchacha y ese cuerpo joven que <strong>cualquier movimiento que haga, por mojigato que sea, parece una provocaci\u00f3n obscena<\/strong>, nos venimos arriba con la misma facilidad que nos vendremos abajo cuando estemos en la puerta de casa con la llave en la mano<a href=\"\/migas-canas\/wp-content\/uploads\/sites\/8\/2013\/12\/aa3.jpeg\"><img loading=\"lazy\" class=\"alignleft size-full wp-image-359\" title=\"aa3\" src=\"\/migas-canas\/wp-content\/uploads\/sites\/8\/2013\/12\/aa3.jpeg\" alt=\"\" width=\"143\" height=\"95\" \/><\/a>.<\/p>\n<div id=\"attachment_361\" style=\"width: 78px\" class=\"wp-caption alignright\"><a href=\"\/migas-canas\/wp-content\/uploads\/sites\/8\/2013\/12\/mujer-de-navidad.jpeg\"><img aria-describedby=\"caption-attachment-361\" loading=\"lazy\" class=\"size-full wp-image-361\" title=\"mujer de navidad\" src=\"\/migas-canas\/wp-content\/uploads\/sites\/8\/2013\/12\/mujer-de-navidad.jpeg\" alt=\"imagen sacada de internet\" width=\"68\" height=\"116\" \/><\/a><p id=\"caption-attachment-361\" class=\"wp-caption-text\">imagen sacada de internet<\/p><\/div>\n<p>Ella solo busca la empat\u00eda con el compa\u00f1ero mayor del curro, solo pretende ser amable por si el pr\u00f3ximo a\u00f1o cae otra sustituci\u00f3n antes de hacer el en\u00e9simo m\u00e1ster. A nosotros, <strong>que hace mucho que nadie nos sonr\u00ede con una boca tan carnosa, seguimos llenando el vaso m\u00e1s de lo que lo hemos hecho el resto del a\u00f1o.<\/strong> Diciembre esta dise\u00f1ado para besarse entre padres, hermanos, suegras y cu\u00f1ados pero nunca con la muchacha sustituta de la minifalda. La magia de la noche se acaba cuando se impone la inevitable realidad y llega el novio, entonces, <strong>igual que el toro se va vencido a la barrera, nosotros, nos acodados en la barra buscando con la mirada una banqueta para sentarnos.<\/strong> Nos vamos a casa atravesando el hostil mirador p\u00fablico de las calles del casco antiguo, nos encontramos con otros tan respetables y serios como nosotros que a\u00fan conservan restos de de la noche: una nariz, un gorro de papa, Noel&#8230; y a los que saludamos con el protocolo propio de las personas formales, con seriedad nos damos las buenas noches o estrechamos manos aunque preferimos un adi\u00f3s escondido entre el cuello alzado del abrigo. <strong>Lo peor es encontrarnos con los que no han tenido comida ese d\u00eda. y no llevan la camisa por fuera, ni les brillan los ojos y no caminan como si hubieran estrenado unos zapatos masai mbt<\/strong>. La navidad no ha hecho nada m\u00e1s que empezar y los siguientes d\u00edas no ser\u00e1n iguales al de hoy. mujer ni\u00f1os cu\u00f1ados y suegra formaran el paisaje del pr\u00f3ximo medio mes donde se acabaron las salidas en bicicletas, tardes silenciosas de lectura, el sill\u00f3n con el peri\u00f3dico,el f\u00fatbol de los domingos, <strong>se acaba la paz en el mes de la paz y en muchos casos el amor en el mes del amor.<\/strong><\/p>\n<!-- AddThis Advanced Settings generic via filter on the_content --><!-- AddThis Share Buttons generic via filter on the_content -->","protected":false},"excerpt":{"rendered":"<p>A los que nos gusta escribir no podemos evitar hacer un articulo de navidad en diciembre. Un mes dulz\u00f3n y recurrente que comienza con la negaci\u00f3n de seguir todos sus pasos y se va con doce uvas empapadas en champ\u00e1n. \u201c\u00a1No me gustan las Navidades!\u201d Afirmamos con rotundidad muchos de los que un d\u00eda aparecemos [&hellip;]<!-- AddThis Advanced Settings generic via filter on get_the_excerpt --><!-- AddThis Share Buttons generic via filter on get_the_excerpt --><\/p>\n","protected":false},"author":10,"featured_media":0,"comment_status":"open","ping_status":"closed","sticky":false,"template":"","format":"standard","meta":[],"categories":[2],"tags":[292,430,496,620,644,733,759,803,817],"_links":{"self":[{"href":"https:\/\/blogs.hoy.es\/migas-canas\/wp-json\/wp\/v2\/posts\/356"}],"collection":[{"href":"https:\/\/blogs.hoy.es\/migas-canas\/wp-json\/wp\/v2\/posts"}],"about":[{"href":"https:\/\/blogs.hoy.es\/migas-canas\/wp-json\/wp\/v2\/types\/post"}],"author":[{"embeddable":true,"href":"https:\/\/blogs.hoy.es\/migas-canas\/wp-json\/wp\/v2\/users\/10"}],"replies":[{"embeddable":true,"href":"https:\/\/blogs.hoy.es\/migas-canas\/wp-json\/wp\/v2\/comments?post=356"}],"version-history":[{"count":0,"href":"https:\/\/blogs.hoy.es\/migas-canas\/wp-json\/wp\/v2\/posts\/356\/revisions"}],"wp:attachment":[{"href":"https:\/\/blogs.hoy.es\/migas-canas\/wp-json\/wp\/v2\/media?parent=356"}],"wp:term":[{"taxonomy":"category","embeddable":true,"href":"https:\/\/blogs.hoy.es\/migas-canas\/wp-json\/wp\/v2\/categories?post=356"},{"taxonomy":"post_tag","embeddable":true,"href":"https:\/\/blogs.hoy.es\/migas-canas\/wp-json\/wp\/v2\/tags?post=356"}],"curies":[{"name":"wp","href":"https:\/\/api.w.org\/{rel}","templated":true}]}}