{"id":363,"date":"2014-01-07T08:27:43","date_gmt":"2014-01-07T07:27:43","guid":{"rendered":"http:\/\/blogs.hoy.es\/migas-canas\/?p=363"},"modified":"2014-01-07T08:27:43","modified_gmt":"2014-01-07T07:27:43","slug":"bar-la-parada-en-estacion-de-autobuses","status":"publish","type":"post","link":"https:\/\/blogs.hoy.es\/migas-canas\/2014\/01\/07\/bar-la-parada-en-estacion-de-autobuses\/","title":{"rendered":"BAR LA PARADA EN ESTACI\u00d3N DE AUTOBUSES"},"content":{"rendered":"<p><a href=\"\/migas-canas\/wp-content\/uploads\/sites\/8\/2014\/01\/121184591.jpg\"><img loading=\"lazy\" class=\"aligncenter size-full wp-image-366\" title=\"DOCU_HOY\" src=\"\/migas-canas\/wp-content\/uploads\/sites\/8\/2014\/01\/121184591.jpg\" alt=\"\" width=\"300\" height=\"225\" \/><\/a>Los lectores que todav\u00eda me siguen, a pesar de mis errores,\u00a0 saben que el desayuno es una de mis placeres favoritos. Tambi\u00e9n saben que cerraron el\u00a0 Gale\u00f3n por falta de clientes pero todav\u00eda no saben que despu\u00e9s de recorrer\u00a0 las cafeter\u00edas que hay alrededor del Centro de Salud donde trabajo buscando un bar para desayunar he elegido\u00a0 el de <strong>la parada.<\/strong><\/p>\n<p>La parada esta situada en la estaci\u00f3n de autobuses y me ofrece: proximidad a mi trabajo, catalana con jam\u00f3n\u00a0 y un rinc\u00f3n donde poder\u00a0 leer el peri\u00f3dico.<strong> Me gusta sentir el tacto de la actualidad aunque la actualidad no me guste.<\/strong><\/p>\n<p>En el bar la parada hay clientes habituales pero la mayor\u00eda son los que esperan el autob\u00fas para que les lleve a su pueblo\u00a0 despu\u00e9s de pasar por la consulta del especialista. Viajeros que se sientan con los pies destrozado\u00a0 despu\u00e9s de entrar de tienda en tienda o de oficina en oficina tropezando con la antip\u00e1tica burocracia. <strong>Los clientes que aguardan el autob\u00fas se sientan con la calma de la espera. si cogen el peri\u00f3dico, se que no lo ver\u00e9, porque esperar ralentiza\u00a0 los movimientos. Los viajeros se recrean\u00a0 alternando la lectura de todas las p\u00e1ginas con el\u00e9ctricas miradas a la televisi\u00f3n\u00a0 cada vez que oyen el nombre de Asunta,<\/strong><br \/>\n<strong>Mar\u00eda del Mar,la camarera, es de Villa del Rey<\/strong> siempre lleva algo rojo en su atuendo, sabe que le sienta bien a su expresiva cara,\u00a0 sirve\u00a0 caf\u00e9\u00a0 cantando,\u00a0 algunas veces, cuando hay poco p\u00fablico,se pone en el rinc\u00f3n conmigo y me cuenta cosas. Dice que es la asociaci\u00f3n de mujeres rurales. \u201cT\u00fa que escribes en el peri\u00f3dico pod\u00edas hablar de nosotras\u201d, \u201cde que hacemos encaje de bolillos, senderismo, cursos de portugu\u00e9s\u201d&#8230; le digo,que en el peri\u00f3dico,\u00a0 solo escribo de Badajoz.<br \/>\n<strong>Manuel es el due\u00f1o,un aut\u00f3nomo que ahora le dicen emprendedor<\/strong>, un t\u00edo joven con voz recia,y acento de pueblo. \u201cTu no eres de aqu\u00ed\u201d le pregunte el primer d\u00eda, no soy de don Benito. <strong>Lely es la hermana, la otra propietaria, muy guapa<\/strong>, unos metros mas all\u00e1, en la calle Vicente Delgado Algaba, su novio regenta un gimnasio, con una espalda y unos brazos endurecidos por las mancuernas,al que llama \u201ccari\u201d aunque no le pegue ning\u00fan diminutivo.<strong> <\/strong><\/p>\n<p><strong>Cuando termino el caf\u00e9 voy a comprar el cup\u00f3n a la estaci\u00f3n de autobuses y me adentro en ese mundo s\u00f3rdido donde dicen que se practica la prostituci\u00f3n en los urinarios<\/strong>, un mundo misterioso donde la gente mira de reojo pensando\u00a0 en el deseo que esconde cada mirada intentando descubrir quien es o no del oficio, Desde que entro por la puerta hasta que llego al quiosco de los cupones, camino con paso en\u00e9rgico sintiendo que estoy metido en los bajos fondos de la homosexualidad, en el meollo de la prostituci\u00f3n m\u00e1s sucia y que en cualquier momento alguien me tocara la espalda, un polic\u00eda, o un chapero, y me dir\u00e1 \u201custed que busca por aqu\u00ed\u201d.As\u00ed que cruzo hacia el quiosco de la once como si estuviera atravesando el Bronx entre\u00a0 sexo con olor a orina.y braguetas f\u00e1ciles de bajar a pesar de que solo me he encontrado viajeros que vuelven o vienen del pueblo o jubilados que solo pretenden refugiarse de la intemperie del parque y a los que todos, <strong>la historia maldita de la estaci\u00f3n, les da\u00a0 aspecto de sospechoso.<\/strong><\/p>\n<!-- AddThis Advanced Settings generic via filter on the_content --><!-- AddThis Share Buttons generic via filter on the_content -->","protected":false},"excerpt":{"rendered":"<p>Los lectores que todav\u00eda me siguen, a pesar de mis errores,\u00a0 saben que el desayuno es una de mis placeres favoritos. Tambi\u00e9n saben que cerraron el\u00a0 Gale\u00f3n por falta de clientes pero todav\u00eda no saben que despu\u00e9s de recorrer\u00a0 las cafeter\u00edas que hay alrededor del Centro de Salud donde trabajo buscando un bar para desayunar [&hellip;]<!-- AddThis Advanced Settings generic via filter on get_the_excerpt --><!-- AddThis Share Buttons generic via filter on get_the_excerpt --><\/p>\n","protected":false},"author":10,"featured_media":0,"comment_status":"open","ping_status":"closed","sticky":false,"template":"","format":"standard","meta":[],"categories":[2],"tags":[74,103,120,259,355,369,383,420,636,679,692,833,864,876,1078],"_links":{"self":[{"href":"https:\/\/blogs.hoy.es\/migas-canas\/wp-json\/wp\/v2\/posts\/363"}],"collection":[{"href":"https:\/\/blogs.hoy.es\/migas-canas\/wp-json\/wp\/v2\/posts"}],"about":[{"href":"https:\/\/blogs.hoy.es\/migas-canas\/wp-json\/wp\/v2\/types\/post"}],"author":[{"embeddable":true,"href":"https:\/\/blogs.hoy.es\/migas-canas\/wp-json\/wp\/v2\/users\/10"}],"replies":[{"embeddable":true,"href":"https:\/\/blogs.hoy.es\/migas-canas\/wp-json\/wp\/v2\/comments?post=363"}],"version-history":[{"count":0,"href":"https:\/\/blogs.hoy.es\/migas-canas\/wp-json\/wp\/v2\/posts\/363\/revisions"}],"wp:attachment":[{"href":"https:\/\/blogs.hoy.es\/migas-canas\/wp-json\/wp\/v2\/media?parent=363"}],"wp:term":[{"taxonomy":"category","embeddable":true,"href":"https:\/\/blogs.hoy.es\/migas-canas\/wp-json\/wp\/v2\/categories?post=363"},{"taxonomy":"post_tag","embeddable":true,"href":"https:\/\/blogs.hoy.es\/migas-canas\/wp-json\/wp\/v2\/tags?post=363"}],"curies":[{"name":"wp","href":"https:\/\/api.w.org\/{rel}","templated":true}]}}