{"id":37,"date":"2011-03-11T09:29:00","date_gmt":"2011-03-11T09:29:00","guid":{"rendered":"http:\/\/blogs.hoy.es\/migas-canas\/?p=37"},"modified":"2011-03-11T09:29:00","modified_gmt":"2011-03-11T09:29:00","slug":"en-bicicleta","status":"publish","type":"post","link":"https:\/\/blogs.hoy.es\/migas-canas\/2011\/03\/11\/en-bicicleta\/","title":{"rendered":"EN BICICLETA"},"content":{"rendered":"<div class=\"headline\">\n<div id=\"story-titulo\" class=\"ln\">\n<h1> <A href=\"http:\/\/www.hoy.es\/prensa\/20110311\/opinion\/bicicleta-20110311.html\" rel=\"nofollow\"                   target=\"_self\">En bicicleta<\/a> <\/h1>\n<\/p><\/div>\n<\/p><\/div>\n<div class=\"subhead\"> <\/div>\n<div class=\"date\"> <\/div>\n<div class=\"byline\">11.03.2011 &#8211;   <\/p>\n<div class=\"author\">\n<div class=\"name\" id=\"story-autor\">DIEGO ALGABA MANSILLA<\/div>\n<\/div><\/div>\n<div class=\"OpcArt\">\n<div class=\"OpcArtB\">\n<div id=\"envianoticia\"><A href=\"javascript:window.print();\" class=\"imprimir\"><\/a><\/p>\n<div id=\"contenidoenvianoticia\">\n<form name=\"envio_noticia\">\n<fieldset>\n<div class=\"envianoticia\">\n<div class=\"envianoticiaI\">\n<table border=\"0\" cellpadding=\"0\" cellspacing=\"0\" width=\"99%\">\n<tbody>\n<tr>\n<th>\n<\/th>\n<td><input name=\"nombre\" value=\"\" type=\"text\"><\/td>\n<th>\n<\/th>\n<td><input name=\"email_remitente\" value=\"\" type=\"text\"><\/td>\n<\/tr>\n<tr>\n<th>\n<\/th>\n<\/tr>\n<\/tbody>\n<\/table><\/div>\n<div id=\"rectificanoticia\">\n<div id=\"contenidorectificanoticia\">\n<form action=\"\">\n<fieldset>\n<div class=\"rectificanoticia\">\n<div class=\"rectificanoticiaI\">\n<table border=\"0\" cellpadding=\"0\" cellspacing=\"0\" width=\"99%\">\n<tbody>\n<tr>\n<th width=\"12%\"><span class=\"obligatorio\"><\/span>\n<\/th>\n<td width=\"38%\"><input name=\"nombre\" value=\"\" type=\"text\"><\/td>\n<th width=\"9%\"><span class=\"obligatorio\"><\/span>\n<\/th>\n<td width=\"41%\"><input name=\"email\" value=\"\" type=\"text\"><\/td>\n<\/tr>\n<\/tbody>\n<\/table><\/div>\n<div class=\"rectificanoticiaD\">                           <textarea cols=\"5\" rows=\"5\"><\/textarea><\/div>\n<\/p><\/div>\n<\/fieldset><\/form>\n<\/p><\/div>\n<\/p><\/div>\n<\/p><\/div>\n<\/fieldset><\/form>\n<\/p><\/div>\n<\/p><\/div>\n<\/p><\/div>\n<div id=\"envialanoticia\">  <\/div>\n<div id=\"rectificalanoticia\">                                    <\/div>\n<\/p><\/div>\n<div class=\"barhead\">\n<div class=\"ln\" id=\"story-entradilla\"> <\/div>\n<\/p><\/div>\n<div class=\"p\">Ahora que baja el l\u00edmite de velocidad y parece que el Gobierno se preocupa por la contaminaci\u00f3n, quiz\u00e1s sea el momento para que las ciudades faciliten la utilizaci\u00f3n de bicicletas. Sobre todo en lugares como Badajoz, que es una ciudad llana y hace buen tiempo casi todo el a\u00f1o. Al centro de Badajoz ya no se puede ir en coche, pues aparcar es imposible. Podr\u00edan limitar el tr\u00e1fico a transportes p\u00fablicos y vecinos. Podr\u00edan poner aparcamientos para bicicletas, como ya lo hicieron con las motos. Podr\u00edan colocar bases de bicicletas de alquiler en la puerta del Ayuntamiento, en la Plaza Alta y que se pueda circular en bici sin temor y sin tener que ir por aceras demasiado estrechas para compartir con peatones. Si bajando la velocidad a 110 se ahorra dejando el coche en casa se ahorrara m\u00e1s. <\/div>\n<!-- AddThis Advanced Settings generic via filter on the_content --><!-- AddThis Share Buttons generic via filter on the_content -->","protected":false},"excerpt":{"rendered":"<p>En bicicleta 11.03.2011 &#8211; DIEGO ALGABA MANSILLA Ahora que baja el l\u00edmite de velocidad y parece que el Gobierno se preocupa por la contaminaci\u00f3n, quiz\u00e1s sea el momento para que las ciudades faciliten la utilizaci\u00f3n de bicicletas. Sobre todo en lugares como Badajoz, que es una ciudad llana y hace buen tiempo casi todo el [&hellip;]<!-- AddThis Advanced Settings generic via filter on get_the_excerpt --><!-- AddThis Share Buttons generic via filter on get_the_excerpt --><\/p>\n","protected":false},"author":10,"featured_media":0,"comment_status":"open","ping_status":"closed","sticky":false,"template":"","format":"standard","meta":[],"categories":[4],"tags":[40,96,149,304,856],"_links":{"self":[{"href":"https:\/\/blogs.hoy.es\/migas-canas\/wp-json\/wp\/v2\/posts\/37"}],"collection":[{"href":"https:\/\/blogs.hoy.es\/migas-canas\/wp-json\/wp\/v2\/posts"}],"about":[{"href":"https:\/\/blogs.hoy.es\/migas-canas\/wp-json\/wp\/v2\/types\/post"}],"author":[{"embeddable":true,"href":"https:\/\/blogs.hoy.es\/migas-canas\/wp-json\/wp\/v2\/users\/10"}],"replies":[{"embeddable":true,"href":"https:\/\/blogs.hoy.es\/migas-canas\/wp-json\/wp\/v2\/comments?post=37"}],"version-history":[{"count":0,"href":"https:\/\/blogs.hoy.es\/migas-canas\/wp-json\/wp\/v2\/posts\/37\/revisions"}],"wp:attachment":[{"href":"https:\/\/blogs.hoy.es\/migas-canas\/wp-json\/wp\/v2\/media?parent=37"}],"wp:term":[{"taxonomy":"category","embeddable":true,"href":"https:\/\/blogs.hoy.es\/migas-canas\/wp-json\/wp\/v2\/categories?post=37"},{"taxonomy":"post_tag","embeddable":true,"href":"https:\/\/blogs.hoy.es\/migas-canas\/wp-json\/wp\/v2\/tags?post=37"}],"curies":[{"name":"wp","href":"https:\/\/api.w.org\/{rel}","templated":true}]}}