{"id":370,"date":"2014-02-03T08:54:17","date_gmt":"2014-02-03T07:54:17","guid":{"rendered":"http:\/\/blogs.hoy.es\/migas-canas\/?p=370"},"modified":"2014-02-03T08:54:17","modified_gmt":"2014-02-03T07:54:17","slug":"fatima-gallardo-la-mireia-pacense","status":"publish","type":"post","link":"https:\/\/blogs.hoy.es\/migas-canas\/2014\/02\/03\/fatima-gallardo-la-mireia-pacense\/","title":{"rendered":"F\u00c1TIMA GALLARDO LA MIREIA PACENSE"},"content":{"rendered":"<p><strong><a href=\"\/migas-canas\/wp-content\/uploads\/sites\/8\/2014\/02\/fatima.jpeg\"><img loading=\"lazy\" class=\"aligncenter size-full wp-image-372\" title=\"fatima\" src=\"\/migas-canas\/wp-content\/uploads\/sites\/8\/2014\/02\/fatima.jpeg\" alt=\"\" width=\"80\" height=\"130\" \/><\/a>Jugaba a f\u00fatbol. Dec\u00edan que era bueno pero lo dej\u00f3 cuando llego ella<\/strong>. Unos a\u00f1os de noviazgo termino en boda. Luego vinieron los hijos: primero la ni\u00f1a, luego el ni\u00f1o. La mayor descubri\u00f3 la piscina muy pronto. Le gustaba el agua. <strong>Empez\u00f3 a nadar, era un juego del que no se cansaba nunca.<\/strong> En el agua destacaba sobre los dem\u00e1s. Sigui\u00f3 nadando. Llegaron las competiciones. <strong>Lo ganaba todo<\/strong>.<\/p>\n<p><strong>Fue creciendo, nadando, estudiando y nadando, jugando y nadando<\/strong>. Siempre quedaba la primera en el agua y lo que se ve\u00eda venir lleg\u00f3, aunque no quer\u00eda alejarse de sus padres ni sus padres de ella, los entrenadores<strong> la convencieron para que fuera al centro de alto rendimiento de C\u00e1ceres.<\/strong> Y all\u00ed, F\u00e1tima, sigue nadando y estudiando. A sus 16 a\u00f1os, esta adolescente pacense se codea con las mejores. <strong>Este a\u00f1o ha compartido p\u00f3dium con Milena Costa, ha nadado junto a Mirella Belmonte. Lolo Uni\u00f3n,ese incombustible se\u00f1or del atletismo, escribi\u00f3 una carta al director dedicada a ella.<\/strong><\/p>\n<div id=\"attachment_373\" style=\"width: 154px\" class=\"wp-caption alignleft\"><a href=\"\/migas-canas\/wp-content\/uploads\/sites\/8\/2014\/02\/peluqueria.jpeg\"><img aria-describedby=\"caption-attachment-373\" loading=\"lazy\" class=\"wp-image-373 \" title=\"peluqueria\" src=\"\/migas-canas\/wp-content\/uploads\/sites\/8\/2014\/02\/peluqueria.jpeg\" alt=\"peluqueria de internet\" width=\"144\" height=\"108\" \/><\/a><p id=\"caption-attachment-373\" class=\"wp-caption-text\">foto sacada de internet<\/p><\/div>\n<p><strong>Yo solo la conozco de fotos, de los recortes de prensa que tiene su madre pinchados en el corcho de su peluquer\u00eda donde vo<\/strong>y una vez al mes a pelarme.<br \/>\nCuando estoy sentado en el sill\u00f3n de peluquero. Maria Jos\u00e9, su madre, entre orgullosa y asustada,me cuenta las haza\u00f1as de la hija. <strong>La madre quiere que F\u00e1tima sea feliz y sabe que para ser feliz tiene que seguir siendo normal.<\/strong> Es m\u00e1s dif\u00edcil ser normal para alguien que lleva una vida tan poco convencional. <strong>A la madre le gusta que su hija sea una campeona pero de lo que se siente orgullosa es de que saca buenas notas<\/strong>, de que las medallas no se le hayan subido a la cabeza, de que sigue siendo esa ni\u00f1a sencilla y alegre que no da importancia a lo que hace, que nadar, a pesar de los sacrificios y madrugones, le divierte y lo haga con naturalidad, que siga siendo un juego. <strong>Me dice su madre que lo que peor lleva F\u00e1tima es cuando la llaman de la televisi\u00f3n, de la radio o del peri\u00f3dico para entrevistarla.<\/strong><br \/>\n<strong>En la calle Estadium, frente al colegio Virgen de Botoa, hay un peque\u00f1o local que siempre ha sido peluquer\u00eda de caballero<\/strong>s y donde empec\u00e9 a cortarme el pelo desde que ten\u00eda una abundante melena hasta hoy que apenas tengo . Pepe se llamaba el primer propietario, cuando se jubilo, se hizo cargo de la peluquer\u00eda Maria Jose,la madre de F\u00e1tima. Hace unos a\u00f1os, era extra\u00f1o ver a una mujer en una peluquer\u00eda de caballero,pero se hizo un hueco entre los hombres y muchos de los clientes antiguos seguimos yendo. <strong>Ella le dio el toque femenino al local, fue quitando el olor a Varon Dandy, a los cuadros de rostros masculinos con muestras de peinados los cambio por recortes de peri\u00f3dico donde sale su hija<\/strong>. La peluquer\u00eda es un rinc\u00f3n entra\u00f1able como aquellas barber\u00edas cinematogr\u00e1ficas que tanto seduc\u00edan a Garc\u00ed y donde se hablaba de boxeo. En esta, respiramos la serenidad azul del agua y celebramos las victorias de F\u00e1tima como nuestras. <strong>aunque para su madre y su padre su mayor triunfo es que es una ni\u00f1a estudiosa, buena y cari\u00f1osa, una ni\u00f1a sencilla y normal.<\/strong><\/p>\n<!-- AddThis Advanced Settings generic via filter on the_content --><!-- AddThis Share Buttons generic via filter on the_content -->","protected":false},"excerpt":{"rendered":"<p>Jugaba a f\u00fatbol. Dec\u00edan que era bueno pero lo dej\u00f3 cuando llego ella. Unos a\u00f1os de noviazgo termino en boda. Luego vinieron los hijos: primero la ni\u00f1a, luego el ni\u00f1o. La mayor descubri\u00f3 la piscina muy pronto. Le gustaba el agua. Empez\u00f3 a nadar, era un juego del que no se cansaba nunca. En el [&hellip;]<!-- AddThis Advanced Settings generic via filter on get_the_excerpt --><!-- AddThis Share Buttons generic via filter on get_the_excerpt --><\/p>\n","protected":false},"author":10,"featured_media":0,"comment_status":"open","ping_status":"closed","sticky":false,"template":"","format":"standard","meta":[],"categories":[2],"tags":[21,189,245,283,438,567,648,715,735,851],"_links":{"self":[{"href":"https:\/\/blogs.hoy.es\/migas-canas\/wp-json\/wp\/v2\/posts\/370"}],"collection":[{"href":"https:\/\/blogs.hoy.es\/migas-canas\/wp-json\/wp\/v2\/posts"}],"about":[{"href":"https:\/\/blogs.hoy.es\/migas-canas\/wp-json\/wp\/v2\/types\/post"}],"author":[{"embeddable":true,"href":"https:\/\/blogs.hoy.es\/migas-canas\/wp-json\/wp\/v2\/users\/10"}],"replies":[{"embeddable":true,"href":"https:\/\/blogs.hoy.es\/migas-canas\/wp-json\/wp\/v2\/comments?post=370"}],"version-history":[{"count":0,"href":"https:\/\/blogs.hoy.es\/migas-canas\/wp-json\/wp\/v2\/posts\/370\/revisions"}],"wp:attachment":[{"href":"https:\/\/blogs.hoy.es\/migas-canas\/wp-json\/wp\/v2\/media?parent=370"}],"wp:term":[{"taxonomy":"category","embeddable":true,"href":"https:\/\/blogs.hoy.es\/migas-canas\/wp-json\/wp\/v2\/categories?post=370"},{"taxonomy":"post_tag","embeddable":true,"href":"https:\/\/blogs.hoy.es\/migas-canas\/wp-json\/wp\/v2\/tags?post=370"}],"curies":[{"name":"wp","href":"https:\/\/api.w.org\/{rel}","templated":true}]}}