{"id":376,"date":"2014-02-12T08:32:43","date_gmt":"2014-02-12T07:32:43","guid":{"rendered":"http:\/\/blogs.hoy.es\/migas-canas\/?p=376"},"modified":"2014-02-12T08:32:43","modified_gmt":"2014-02-12T07:32:43","slug":"puente-sobre-el-rio-guadiana","status":"publish","type":"post","link":"https:\/\/blogs.hoy.es\/migas-canas\/2014\/02\/12\/puente-sobre-el-rio-guadiana\/","title":{"rendered":"PUENTE SOBRE EL RIO GUADIANA"},"content":{"rendered":"<div id=\"attachment_380\" style=\"width: 810px\" class=\"wp-caption aligncenter\"><a href=\"\/migas-canas\/wp-content\/uploads\/sites\/8\/2014\/02\/rio-lupe2.jpg\"><img aria-describedby=\"caption-attachment-380\" loading=\"lazy\" class=\"size-full wp-image-380\" title=\"Fotogra\u00edia de Guadalupe Corrales Isaac\" src=\"\/migas-canas\/wp-content\/uploads\/sites\/8\/2014\/02\/rio-lupe2.jpg\" alt=\"Fotografia de Guadalupe Corrales Isaac\" width=\"800\" height=\"450\" srcset=\"https:\/\/static-blogs.hoy.es\/wp-content\/uploads\/sites\/8\/2014\/02\/rio-lupe2.jpg 800w, https:\/\/static-blogs.hoy.es\/wp-content\/uploads\/sites\/8\/2014\/02\/rio-lupe2-300x169.jpg 300w, https:\/\/static-blogs.hoy.es\/wp-content\/uploads\/sites\/8\/2014\/02\/rio-lupe2-768x432.jpg 768w\" sizes=\"(max-width: 800px) 100vw, 800px\" \/><\/a><p id=\"caption-attachment-380\" class=\"wp-caption-text\">Fotograf\u00eda de Guadalupe Corrales<\/p><\/div>\n<p><strong>Salgo de casa. Empiezo a andar. Subo por la Avenidad Sinforiano Madro\u00f1ero, paso por muchos bares, no entro en ninguno<\/strong>. Paso por el enorme edificio de la Confederaci\u00f3n Hidrogr\u00e1fica del Guadiana,lo dejo a un lado. Llego hasta el Puente Real para encontrarme con lo sublime, con la mayor obra de arte, una estampa diferente cada tarde, siempre espectacular,<strong> El sol se despide dejando su llama de color ocre sobre el agua como un cuadro gigantes y vivo<\/strong>, todo un espect\u00e1culo visual que afecta el \u00e1nimo. El atardecer del r\u00edo desasosiega a deprimidos y fascina a los felices,<br \/>\n<strong>Quieto. Me quedo quieto. Respiro fuerte y me despido del sol hasta ma\u00f1ana<\/strong> mientras \u00e9l se despide del agua que se queda arrugada y fr\u00eda, mientras tanto, el r\u00edo, sigue caminado, esperando un nuevo d\u00eda para acoger a los pirag\u00fcistas que ara\u00f1en sus aguas dejando un surco de esfuerzo y sudor; a los pescadores que las entretengan con sus enga\u00f1os de moscas e insectos de pl\u00e1stico.<\/p>\n<p><strong>Desde el puente observo,donde antes pon\u00edan la feria de San Juan, el mercadillo del martes, camisetas a 6 euros y libros a uno<\/strong> porque, en muchas ocasiones, el precio de las cosas no corresponden a su valor, veo a los de <strong>Masa Cr\u00edtica que se re\u00fanen para salir en bicicleta<\/strong> por la ciudad y reivindicar lo que no ten\u00eda que ser necesario reivindicar en una ciudad llana y con sol. <strong>A los lejos se oyen como tambores de guerra que ensayan el \u201ceo eo Badajoz Badajoz<\/strong>\u201d este a\u00f1o al soniquete de m\u00e1s samba y menos trabajar. Que se pare el mundo,que cierre todo que llegan arrasando las m\u00e1scaras de colores.. Y de pronto, miro para atr\u00e1s y ah\u00ed esta, no es la puerta de Alcala sino<strong> el edificio gigante de Caja Badajoz que vigila a la ciudad desde su fortaleza de poder y dinero<\/strong> soy el m\u00e1s grande el m\u00e1s fuerte el m\u00e1s m\u00e1s m\u00e1s.. pero como siempre,<strong> se me van los ojos a lo peque\u00f1o, a esos candados con las iniciales de Pedro y Mar\u00eda<\/strong> que cuelga de las barandillas del puente cerrados para siempre con una llave que descansan en el fondo del agua.<br \/>\n<strong>Nace en las Lagunas de Ruideras y desemboca en Ayamonte<\/strong> <strong>cantaba en la escuela mientras el maestro lo se\u00f1alaba con la regla de los palmetazo<\/strong>s en un mapa de Espa\u00f1a sin nombres ni autonomias Yo, junto con otros cuarenta ni\u00f1os, Recitaba aquel soniquete cuando el r\u00edo era un desconocido para mi, <strong>cuando todav\u00eda no me hab\u00eda ba\u00f1ado nunca en sus aguas ni hab\u00eda alquilado ninguna barca para pasear media hora con mi primera novia por 10 pesetas, esa novia que iba a ser para toda la vida y solo duro un verano.<\/strong><br \/>\n<strong>\u201cNuestras vidas son los r\u00edos que van a dar a la mar\u201d<\/strong><br \/>\n<strong><\/strong><\/p>\n<!-- AddThis Advanced Settings generic via filter on the_content --><!-- AddThis Share Buttons generic via filter on the_content -->","protected":false},"excerpt":{"rendered":"<p>Salgo de casa. Empiezo a andar. Subo por la Avenidad Sinforiano Madro\u00f1ero, paso por muchos bares, no entro en ninguno. Paso por el enorme edificio de la Confederaci\u00f3n Hidrogr\u00e1fica del Guadiana,lo dejo a un lado. Llego hasta el Puente Real para encontrarme con lo sublime, con la mayor obra de arte, una estampa diferente cada [&hellip;]<!-- AddThis Advanced Settings generic via filter on get_the_excerpt --><!-- AddThis Share Buttons generic via filter on get_the_excerpt --><\/p>\n","protected":false},"author":10,"featured_media":0,"comment_status":"open","ping_status":"closed","sticky":false,"template":"","format":"standard","meta":[],"categories":[2],"tags":[95,217,300,365,411,622,704,720,889,916],"_links":{"self":[{"href":"https:\/\/blogs.hoy.es\/migas-canas\/wp-json\/wp\/v2\/posts\/376"}],"collection":[{"href":"https:\/\/blogs.hoy.es\/migas-canas\/wp-json\/wp\/v2\/posts"}],"about":[{"href":"https:\/\/blogs.hoy.es\/migas-canas\/wp-json\/wp\/v2\/types\/post"}],"author":[{"embeddable":true,"href":"https:\/\/blogs.hoy.es\/migas-canas\/wp-json\/wp\/v2\/users\/10"}],"replies":[{"embeddable":true,"href":"https:\/\/blogs.hoy.es\/migas-canas\/wp-json\/wp\/v2\/comments?post=376"}],"version-history":[{"count":0,"href":"https:\/\/blogs.hoy.es\/migas-canas\/wp-json\/wp\/v2\/posts\/376\/revisions"}],"wp:attachment":[{"href":"https:\/\/blogs.hoy.es\/migas-canas\/wp-json\/wp\/v2\/media?parent=376"}],"wp:term":[{"taxonomy":"category","embeddable":true,"href":"https:\/\/blogs.hoy.es\/migas-canas\/wp-json\/wp\/v2\/categories?post=376"},{"taxonomy":"post_tag","embeddable":true,"href":"https:\/\/blogs.hoy.es\/migas-canas\/wp-json\/wp\/v2\/tags?post=376"}],"curies":[{"name":"wp","href":"https:\/\/api.w.org\/{rel}","templated":true}]}}