{"id":381,"date":"2014-02-20T08:32:58","date_gmt":"2014-02-20T07:32:58","guid":{"rendered":"http:\/\/blogs.hoy.es\/migas-canas\/?p=381"},"modified":"2014-02-20T08:32:58","modified_gmt":"2014-02-20T07:32:58","slug":"me-coge-el-toro","status":"publish","type":"post","link":"https:\/\/blogs.hoy.es\/migas-canas\/2014\/02\/20\/me-coge-el-toro\/","title":{"rendered":"ME COGE EL TORO"},"content":{"rendered":"<p><a href=\"\/migas-canas\/wp-content\/uploads\/sites\/8\/2014\/02\/IMG5515.jpg\"><img loading=\"lazy\" class=\"aligncenter size-medium wp-image-393\" title=\"IMG551\" src=\"\/migas-canas\/wp-content\/uploads\/sites\/8\/2014\/02\/IMG5515.jpg\" alt=\"\" width=\"300\" height=\"225\" srcset=\"https:\/\/static-blogs.hoy.es\/wp-content\/uploads\/sites\/8\/2014\/02\/IMG5515.jpg 2048w, https:\/\/static-blogs.hoy.es\/wp-content\/uploads\/sites\/8\/2014\/02\/IMG5515-300x225.jpg 300w, https:\/\/static-blogs.hoy.es\/wp-content\/uploads\/sites\/8\/2014\/02\/IMG5515-768x576.jpg 768w, https:\/\/static-blogs.hoy.es\/wp-content\/uploads\/sites\/8\/2014\/02\/IMG5515-1024x768.jpg 1024w\" sizes=\"(max-width: 300px) 100vw, 300px\" \/><\/a>Me ha cogido el toro. <strong>Por primera vez en esta Plaza Alta me ha cogido el toro<\/strong>. publico ma\u00f1ana y no tengo nada, lo peor es que no se de que hablar. De pol\u00edtica no escribo,est\u00e1n ah\u00ed los mejores, los maestros: <strong>Martin Tamayo, Li\u00f1an,Buiza, El Zurdo,Espada, Manuela Mart\u00edn&#8230;<\/strong>, yo escribo de cotidianidades de bares,tiendas y gente.<strong> Salgo buscando inspiraci\u00f3n pero encuentro la calle llena de ausencias, sin ideas.<\/strong><br \/>\n<strong>Lo importante de un art\u00edculo, entre otras cosas, es no cometer errore<\/strong>s, sobresalen m\u00e1s que los aciertos Si una coma mal puesta una x o una concordancia arruina una obra de arte imag\u00ednese lo mio, tan lejano a la obra de arte. No se cuantas veces me habr\u00e1n dicho que la macetas que sacan a la lluvia en Coraz\u00f3n de Jesus son pilistras o aspidistras y no pilastras como escrib\u00ed por error.<a href=\"\/migas-canas\/wp-content\/uploads\/sites\/8\/2014\/02\/IMG5571.jpg\"><img loading=\"lazy\" class=\"alignright size-medium wp-image-388\" title=\"IMG557\" src=\"\/migas-canas\/wp-content\/uploads\/sites\/8\/2014\/02\/IMG5571.jpg\" alt=\"\" width=\"300\" height=\"225\" srcset=\"https:\/\/static-blogs.hoy.es\/wp-content\/uploads\/sites\/8\/2014\/02\/IMG5571.jpg 2048w, https:\/\/static-blogs.hoy.es\/wp-content\/uploads\/sites\/8\/2014\/02\/IMG5571-300x225.jpg 300w, https:\/\/static-blogs.hoy.es\/wp-content\/uploads\/sites\/8\/2014\/02\/IMG5571-768x576.jpg 768w, https:\/\/static-blogs.hoy.es\/wp-content\/uploads\/sites\/8\/2014\/02\/IMG5571-1024x768.jpg 1024w\" sizes=\"(max-width: 300px) 100vw, 300px\" \/><\/a><br \/>\nHoy me ha cogido el toro. Voy al frigor\u00edfico, abro otra cerveza. Para escribir no hacen prueba para saber el veneno que llevas en la sangre, aunque la mancha del alcohol siempre queda en el papel.<br \/>\n<strong>Podr\u00eda escribir de multas, de la rapidez de mu\u00f1eca de algunos para rellenar el bolet\u00edn. Pero ya se adelant\u00f3,en cartas al director, un apellido tan sonoro como Monago Terraza, de nombre Manuel, que se quej\u00f3 de esta forma de recaudaci\u00f3n. Adem\u00e1s que voy a escribir sobre ellas si ni siquiera s\u00e9 donde va el dinero de las multas.<\/strong><br \/>\n<strong>Escribe el Director de este peri\u00f3dico que si quieres cosas amables compra una entrada para un parque de atracciones y no compres un peri\u00f3dico<\/strong> y yo, contrario al director, siempre escribo de lo amable, voy al rev\u00e9s y ahora, adem\u00e1s, sin ideas.<br \/>\n<strong>Alonso de la Torre, que escribe de vinos con maestr\u00eda, dice que no bebe vino, y yo, que no salgo de los bares, no soy capaz,hoy, de hacer un articulo de una tasca.<\/strong><br \/>\nMe coge el toro, me coge el toro, lo pongo dos veces y llego antes a las cuatrocientas palabras en este d\u00eda espeso. <strong>Serrat resolvi\u00f3 la falta de ideas con unas de sus mejores canciones \u201c No hago otra cosas que pensar en ti<\/strong>. Hoy las musas han pasao de mi estar\u00e1n de vacaciones\u201d Podr\u00eda escribir de m\u00fasica pero<strong> a mi, la m\u00fasica que m\u00e1s me gusta es la que hace las zapatillas de una ni\u00f1a de dos a\u00f1os corriendo por el pasillo para abrazarme cada vez que me oye entrar por la puerta. Y eso no interesa a nadie.<\/strong><br \/>\n<a href=\"\/migas-canas\/wp-content\/uploads\/sites\/8\/2014\/02\/IMG5562.jpg\"><img loading=\"lazy\" class=\"alignleft size-thumbnail wp-image-390\" title=\"IMG556\" src=\"\/migas-canas\/wp-content\/uploads\/sites\/8\/2014\/02\/IMG5562.jpg\" alt=\"\" width=\"150\" height=\"150\" \/><\/a>Abro otra cerveza, llego al final agobiado por el tiempo,aunque lo importante no es el final sino el contenido. Acabo y no he metido aqu\u00ed ni a <strong>Juan Domingo,ni a Serna ni a Miguel Murillo, ni a Antonio Tinico ni a Floren Recio ni a Valbuena\u00a0 que lo mismo se arranca por Elvis, toros, f\u00fatbol, gastronom\u00eda, pol\u00edtica<\/strong> &#8230;que aburrida una columna sin mujeres.<strong> Luz Rueda<\/strong> me va a sacar del apuro. <strong>Alonso de la Torre y Manuel Alcantar<\/strong>a. escriben todos los d\u00edas. Lo dec\u00eda Umbral no se puede ser sublime sin interrupci\u00f3n,y yo, hoy, no lo he sido, lo peor es que el resto de los d\u00edas tampoco. Ya tengo todas las palabras aunque falta alg\u00fan nombre<strong> solo me queda darles un hervor. Pero no tengo tiempo, el peri\u00f3dico es as\u00ed, no espera a nadie.<\/strong><\/p>\n<!-- AddThis Advanced Settings generic via filter on the_content --><!-- AddThis Share Buttons generic via filter on the_content -->","protected":false},"excerpt":{"rendered":"<p>Me ha cogido el toro. Por primera vez en esta Plaza Alta me ha cogido el toro. publico ma\u00f1ana y no tengo nada, lo peor es que no se de que hablar. De pol\u00edtica no escribo,est\u00e1n ah\u00ed los mejores, los maestros: Martin Tamayo, Li\u00f1an,Buiza, El Zurdo,Espada, Manuela Mart\u00edn&#8230;, yo escribo de cotidianidades de bares,tiendas y [&hellip;]<!-- AddThis Advanced Settings generic via filter on get_the_excerpt --><!-- AddThis Share Buttons generic via filter on get_the_excerpt --><\/p>\n","protected":false},"author":10,"featured_media":0,"comment_status":"open","ping_status":"closed","sticky":false,"template":"","format":"standard","meta":[],"categories":[2],"tags":[33,38,391,396,461,659,680,681,699,727,962,963,1020,1042,1051],"_links":{"self":[{"href":"https:\/\/blogs.hoy.es\/migas-canas\/wp-json\/wp\/v2\/posts\/381"}],"collection":[{"href":"https:\/\/blogs.hoy.es\/migas-canas\/wp-json\/wp\/v2\/posts"}],"about":[{"href":"https:\/\/blogs.hoy.es\/migas-canas\/wp-json\/wp\/v2\/types\/post"}],"author":[{"embeddable":true,"href":"https:\/\/blogs.hoy.es\/migas-canas\/wp-json\/wp\/v2\/users\/10"}],"replies":[{"embeddable":true,"href":"https:\/\/blogs.hoy.es\/migas-canas\/wp-json\/wp\/v2\/comments?post=381"}],"version-history":[{"count":0,"href":"https:\/\/blogs.hoy.es\/migas-canas\/wp-json\/wp\/v2\/posts\/381\/revisions"}],"wp:attachment":[{"href":"https:\/\/blogs.hoy.es\/migas-canas\/wp-json\/wp\/v2\/media?parent=381"}],"wp:term":[{"taxonomy":"category","embeddable":true,"href":"https:\/\/blogs.hoy.es\/migas-canas\/wp-json\/wp\/v2\/categories?post=381"},{"taxonomy":"post_tag","embeddable":true,"href":"https:\/\/blogs.hoy.es\/migas-canas\/wp-json\/wp\/v2\/tags?post=381"}],"curies":[{"name":"wp","href":"https:\/\/api.w.org\/{rel}","templated":true}]}}