{"id":39,"date":"2011-03-18T12:35:00","date_gmt":"2011-03-18T12:35:00","guid":{"rendered":"http:\/\/blogs.hoy.es\/migas-canas\/?p=39"},"modified":"2011-03-18T12:35:00","modified_gmt":"2011-03-18T12:35:00","slug":"farolas-encendidos","status":"publish","type":"post","link":"https:\/\/blogs.hoy.es\/migas-canas\/2011\/03\/18\/farolas-encendidos\/","title":{"rendered":"FAROLAS ENCENDIDOS"},"content":{"rendered":"<p>El mismo d\u00eda que entr\u00f3 en vigor la reducci\u00f3n de velocidad, a 110, para ahorrar energ\u00eda, estaban encendidas, a las 12 de la ma\u00f1ana, todas las farolas de la calle \u00c1lvarez Lencero y alrededores, en Badajoz. \u00bfSer\u00eda por un acto de rebeld\u00eda frente a la medida impopular del Gobierno central? Si el PSOE dice esto, nosotros lo contrario. \u00bfSer\u00e1 que, aunque Espa\u00f1a no pueda con los gastos energ\u00e9ticos, Badajoz s\u00ed? \u00bfQuiz\u00e1s fuese para alumbrar al edificio de tr\u00e1fico situada en esa calle y as\u00ed darle el brillo que merece la secci\u00f3n de denuncias? O para que la Guardia Civil de tr\u00e1fico, ubicada en la calle de al lado, ajustase los radares para que est\u00e9n finos a la hora de cazar al conductor derrochador de energ\u00eda. O para darle verosimilitud al viejo dicho: \u00abLo que ahorramos por un lado lo derrochamos por otro\u00bb. No s\u00e9. Quiz\u00e1s no fuese meditado, tal vez respondiese al simple despiste de alg\u00fan funcionario en carnaval, cuando todo vale.<\/p>\n<!-- AddThis Advanced Settings generic via filter on the_content --><!-- AddThis Share Buttons generic via filter on the_content -->","protected":false},"excerpt":{"rendered":"<p>El mismo d\u00eda que entr\u00f3 en vigor la reducci\u00f3n de velocidad, a 110, para ahorrar energ\u00eda, estaban encendidas, a las 12 de la ma\u00f1ana, todas las farolas de la calle \u00c1lvarez Lencero y alrededores, en Badajoz. \u00bfSer\u00eda por un acto de rebeld\u00eda frente a la medida impopular del Gobierno central? Si el PSOE dice esto, [&hellip;]<!-- AddThis Advanced Settings generic via filter on get_the_excerpt --><!-- AddThis Share Buttons generic via filter on get_the_excerpt --><\/p>\n","protected":false},"author":10,"featured_media":0,"comment_status":"open","ping_status":"closed","sticky":false,"template":"","format":"standard","meta":[],"categories":[4],"tags":[],"_links":{"self":[{"href":"https:\/\/blogs.hoy.es\/migas-canas\/wp-json\/wp\/v2\/posts\/39"}],"collection":[{"href":"https:\/\/blogs.hoy.es\/migas-canas\/wp-json\/wp\/v2\/posts"}],"about":[{"href":"https:\/\/blogs.hoy.es\/migas-canas\/wp-json\/wp\/v2\/types\/post"}],"author":[{"embeddable":true,"href":"https:\/\/blogs.hoy.es\/migas-canas\/wp-json\/wp\/v2\/users\/10"}],"replies":[{"embeddable":true,"href":"https:\/\/blogs.hoy.es\/migas-canas\/wp-json\/wp\/v2\/comments?post=39"}],"version-history":[{"count":0,"href":"https:\/\/blogs.hoy.es\/migas-canas\/wp-json\/wp\/v2\/posts\/39\/revisions"}],"wp:attachment":[{"href":"https:\/\/blogs.hoy.es\/migas-canas\/wp-json\/wp\/v2\/media?parent=39"}],"wp:term":[{"taxonomy":"category","embeddable":true,"href":"https:\/\/blogs.hoy.es\/migas-canas\/wp-json\/wp\/v2\/categories?post=39"},{"taxonomy":"post_tag","embeddable":true,"href":"https:\/\/blogs.hoy.es\/migas-canas\/wp-json\/wp\/v2\/tags?post=39"}],"curies":[{"name":"wp","href":"https:\/\/api.w.org\/{rel}","templated":true}]}}