{"id":394,"date":"2014-03-07T08:38:09","date_gmt":"2014-03-07T07:38:09","guid":{"rendered":"http:\/\/blogs.hoy.es\/migas-canas\/?p=394"},"modified":"2014-03-07T08:38:09","modified_gmt":"2014-03-07T07:38:09","slug":"sin-rumbo","status":"publish","type":"post","link":"https:\/\/blogs.hoy.es\/migas-canas\/2014\/03\/07\/sin-rumbo\/","title":{"rendered":"SIN RUMBO"},"content":{"rendered":"<p><strong><a href=\"\/migas-canas\/wp-content\/uploads\/sites\/8\/2014\/03\/huelva.jpeg\"><img loading=\"lazy\" class=\"aligncenter size-full wp-image-396\" title=\"huelva\" src=\"\/migas-canas\/wp-content\/uploads\/sites\/8\/2014\/03\/huelva.jpeg\" alt=\"\" width=\"134\" height=\"96\" \/><\/a>Salgo de casa, sin rumbo<\/strong>, con las manos en los bolsillos y los bolsillos vac\u00edos. Hoy no llueve. El sol amenaza con estropear un d\u00eda melanc\u00f3lico de brasero y poes\u00eda.<strong> Camino por una Avenida de Huelva impregnada del dulzor de Ansorena y de la mon\u00f3tona melod\u00eda del hombre del acorde\u00f3n<\/strong>. Una Avenida que<strong> Garcia Sala<\/strong>s,en esta misma secci\u00f3n, so\u00f1\u00f3 sin coches.<strong> Paso por la Delegaci\u00f3n del Gobierno<\/strong>, ese edificio que sirve de muro de lamentaciones a manifestantes sin respuestas.<strong> Llego a correo<\/strong>s. Paso delante de los buzones con el r\u00f3tulo casi borrado de: Badajoz, Provincia, resto de Espa\u00f1a, Internacional.<strong> En resto Espa\u00f1a se echaban, sin dudar, las cartas que iban a Catalu\u00f1a<\/strong>. Buzones que ya no recogen correspondencia escritas a mano donde <strong>se pod\u00eda descubrir m\u00e1s secretos en el trazo que en el texto<\/strong>.\u201dEspero que a la llegada de esta est\u00e9s bien yo bien gracias a Dios\u201d. <strong>Me siento en el banco de piedra de San Francisco<\/strong> que cuenta la historia de Pizarro,siempre regreso a los mismo lugares, no todos los extreme\u00f1os somos aventureros. Sigo sin rumbo. Me encuentro con Julio o quiz\u00e1s es su hermano, el que caminaba por el filo de la navaja decidi\u00f3 dar un salto al lado bueno aunque no estoy seguro que ese sea el bueno,recuerdo nuestras largas conversaciones, ya no habla <a href=\"\/migas-canas\/wp-content\/uploads\/sites\/8\/2014\/03\/correos-dos.jpeg\"><img loading=\"lazy\" class=\"alignleft size-full wp-image-398\" title=\"correos dos\" src=\"\/migas-canas\/wp-content\/uploads\/sites\/8\/2014\/03\/correos-dos.jpeg\" alt=\"\" width=\"150\" height=\"113\" \/><\/a>como antes, <strong>solo lee el marca y se le nota mucho<\/strong>.<br \/>\n<strong>Sigo andando<\/strong>, <strong>me encuentro con Carmen un amor no correspondido que me duro toda la vida, como la literatura.<\/strong><br \/>\nSigo, <strong>me cruzo con gente desconocida<\/strong> que caminan despacio con la cara mon\u00f3tona de la derrota,de la resignaci\u00f3n. Me<a href=\"\/migas-canas\/wp-content\/uploads\/sites\/8\/2014\/03\/miguel-veterinario2.jpg\"><img loading=\"lazy\" class=\"alignright size-thumbnail wp-image-403\" title=\"miguel veterinario\" src=\"\/migas-canas\/wp-content\/uploads\/sites\/8\/2014\/03\/miguel-veterinario2.jpg\" alt=\"\" width=\"150\" height=\"150\" \/><\/a> encuentro a los que hacen fotos para facebok, los que montan en bicicleta por las aceras, los que fuman andando,los que madrugan, los que compran en el Corte Ingles, los que no compran en ning\u00fan sitio, veo a uno que no lleva m\u00f3vil,los que no entran en los bares pero se asoman, a dos que se dan un abrazo varonil como los de un cantao y su guitarrista.<strong> veo cara de hombres buenos sin futuro, de canallas forrados<\/strong>, una chica con minifalda tira continuamente de la tela, pero la tela no da m\u00e1s de si.<strong> En la sala Vaquero Poblador<\/strong> se ven cuadros colgados que la gente mira desde la calle como antes miraban las pajaritas de papel que hac\u00eda aquel hombre orondo sentado junto a la ventana,cuando la sala era el casino. ya no hay palomas blancas, ni siquiera de papel, se las llevo el euro.<strong> sigo caminado hacia esta Plaza Alta<\/strong> los chinos han montado una fruter\u00eda en el establecimiento de fotos. Ah\u00ed esta la catedral que merece un articulo para ella sola.<strong> La Ria ya no es la Ria<\/strong> se ha convertido en los 100 montaditos, donde estar\u00e1 ahora <strong>Angel de Espa\u00f1a<\/strong> aquel camarero que quiso ser artista y que cantaba en las verbenas de las ferias por <strong>Marife de Triana.<\/strong>Me cruzo con los que llevan traje con naturalidad,con los que piden, con los que no piden por verg\u00fcenza. como si fueran ellos los que tienen que tener verguenza. Me cruzo con la \u00fanica desconocida con la que baile una vez una canci\u00f3n lenta en la boite Zurbar\u00e1n, ni me mira. Compro por un euro <strong>el cuaderno gris de<a href=\"es.wikipedia.org\/wiki\/Josep_Pla\"> Josep Pla<\/a><\/strong> en la churrer\u00eda de Moreno Zancudo. <strong>Termino en la Plaza Alta. Me encuentro con Porrina, dice \u201ccre\u00eda que no ibas a llegar <a href=\"\/migas-canas\/wp-content\/uploads\/sites\/8\/2014\/03\/plaza-alta.jpeg\"><img loading=\"lazy\" class=\"alignright size-full wp-image-397\" title=\"plaza alta\" src=\"\/migas-canas\/wp-content\/uploads\/sites\/8\/2014\/03\/plaza-alta.jpeg\" alt=\"\" width=\"150\" height=\"113\" \/><\/a>nunca\u201d,emocionado con la \u00faltima llegada de Paco de Luc\u00eda no sabe que a mi me queda mucho para llegar, voy, lento, sin prisa.<\/strong><\/p>\n<!-- AddThis Advanced Settings generic via filter on the_content --><!-- AddThis Share Buttons generic via filter on the_content -->","protected":false},"excerpt":{"rendered":"<p>Salgo de casa, sin rumbo, con las manos en los bolsillos y los bolsillos vac\u00edos. Hoy no llueve. El sol amenaza con estropear un d\u00eda melanc\u00f3lico de brasero y poes\u00eda. Camino por una Avenida de Huelva impregnada del dulzor de Ansorena y de la mon\u00f3tona melod\u00eda del hombre del acorde\u00f3n. Una Avenida que Garcia Salas,en [&hellip;]<!-- AddThis Advanced Settings generic via filter on get_the_excerpt --><!-- AddThis Share Buttons generic via filter on get_the_excerpt --><\/p>\n","protected":false},"author":10,"featured_media":0,"comment_status":"open","ping_status":"closed","sticky":false,"template":"","format":"standard","meta":[],"categories":[2],"tags":[53,59,88,172,236,310,334,382,485,693,857,938,941],"_links":{"self":[{"href":"https:\/\/blogs.hoy.es\/migas-canas\/wp-json\/wp\/v2\/posts\/394"}],"collection":[{"href":"https:\/\/blogs.hoy.es\/migas-canas\/wp-json\/wp\/v2\/posts"}],"about":[{"href":"https:\/\/blogs.hoy.es\/migas-canas\/wp-json\/wp\/v2\/types\/post"}],"author":[{"embeddable":true,"href":"https:\/\/blogs.hoy.es\/migas-canas\/wp-json\/wp\/v2\/users\/10"}],"replies":[{"embeddable":true,"href":"https:\/\/blogs.hoy.es\/migas-canas\/wp-json\/wp\/v2\/comments?post=394"}],"version-history":[{"count":0,"href":"https:\/\/blogs.hoy.es\/migas-canas\/wp-json\/wp\/v2\/posts\/394\/revisions"}],"wp:attachment":[{"href":"https:\/\/blogs.hoy.es\/migas-canas\/wp-json\/wp\/v2\/media?parent=394"}],"wp:term":[{"taxonomy":"category","embeddable":true,"href":"https:\/\/blogs.hoy.es\/migas-canas\/wp-json\/wp\/v2\/categories?post=394"},{"taxonomy":"post_tag","embeddable":true,"href":"https:\/\/blogs.hoy.es\/migas-canas\/wp-json\/wp\/v2\/tags?post=394"}],"curies":[{"name":"wp","href":"https:\/\/api.w.org\/{rel}","templated":true}]}}