{"id":40,"date":"2011-04-16T08:17:00","date_gmt":"2011-04-16T08:17:00","guid":{"rendered":"http:\/\/blogs.hoy.es\/migas-canas\/?p=40"},"modified":"2011-04-16T08:17:00","modified_gmt":"2011-04-16T08:17:00","slug":"perro-atado","status":"publish","type":"post","link":"https:\/\/blogs.hoy.es\/migas-canas\/2011\/04\/16\/perro-atado\/","title":{"rendered":"PERRO ATADO"},"content":{"rendered":"<p><DIV id=story-texto class=p> <DIV class=p>Por la ma\u00f1ana temprano, cuando todav\u00eda no ha empezado a clarear el d\u00eda, los funcionarios que comienzan su jornada laboral a las 8 caminan como zombis aislados del mundo exterior por pinganillos radiof\u00f3nicos. Andan con paso maquinal antes de despertar el cuerpo limpio de cafe\u00edna y que se ira regulando a lo largo de la jornada laboral con frecuentes visitas a las cafeter\u00edas pr\u00f3ximas a la oficina. Los que todas las ma\u00f1anas pisamos la misma acera, a la misma hora, nos conocemos aunque no nos saludemos, despu\u00e9s de d\u00edas de meses y de a\u00f1os sin hablarnos hemos compartido la intriga por un perro grande, desconozco la raza, que estaba atado, con una correa, a la barandilla de un estrecho balc\u00f3n donde compart\u00edan un mismo espacio animal, comidas y excrementos. A todos nos inquieta la visi\u00f3n de la correa que se balancea sola y rota atada a la barandilla. \u00bfQu\u00e9 habr\u00e1 sido del perro? <\/DIV> <DIV class=p><\/DIV> <DIV class=p><\/DIV><\/DIV><\/p>\n<!-- AddThis Advanced Settings generic via filter on the_content --><!-- AddThis Share Buttons generic via filter on the_content -->","protected":false},"excerpt":{"rendered":"<p>Por la ma\u00f1ana temprano, cuando todav\u00eda no ha empezado a clarear el d\u00eda, los funcionarios que comienzan su jornada laboral a las 8 caminan como zombis aislados del mundo exterior por pinganillos radiof\u00f3nicos. Andan con paso maquinal antes de despertar el cuerpo limpio de cafe\u00edna y que se ira regulando a lo largo de la [&hellip;]<!-- AddThis Advanced Settings generic via filter on get_the_excerpt --><!-- AddThis Share Buttons generic via filter on get_the_excerpt --><\/p>\n","protected":false},"author":10,"featured_media":0,"comment_status":"open","ping_status":"closed","sticky":false,"template":"","format":"standard","meta":[],"categories":[4],"tags":[],"_links":{"self":[{"href":"https:\/\/blogs.hoy.es\/migas-canas\/wp-json\/wp\/v2\/posts\/40"}],"collection":[{"href":"https:\/\/blogs.hoy.es\/migas-canas\/wp-json\/wp\/v2\/posts"}],"about":[{"href":"https:\/\/blogs.hoy.es\/migas-canas\/wp-json\/wp\/v2\/types\/post"}],"author":[{"embeddable":true,"href":"https:\/\/blogs.hoy.es\/migas-canas\/wp-json\/wp\/v2\/users\/10"}],"replies":[{"embeddable":true,"href":"https:\/\/blogs.hoy.es\/migas-canas\/wp-json\/wp\/v2\/comments?post=40"}],"version-history":[{"count":0,"href":"https:\/\/blogs.hoy.es\/migas-canas\/wp-json\/wp\/v2\/posts\/40\/revisions"}],"wp:attachment":[{"href":"https:\/\/blogs.hoy.es\/migas-canas\/wp-json\/wp\/v2\/media?parent=40"}],"wp:term":[{"taxonomy":"category","embeddable":true,"href":"https:\/\/blogs.hoy.es\/migas-canas\/wp-json\/wp\/v2\/categories?post=40"},{"taxonomy":"post_tag","embeddable":true,"href":"https:\/\/blogs.hoy.es\/migas-canas\/wp-json\/wp\/v2\/tags?post=40"}],"curies":[{"name":"wp","href":"https:\/\/api.w.org\/{rel}","templated":true}]}}