{"id":404,"date":"2014-03-19T08:41:54","date_gmt":"2014-03-19T07:41:54","guid":{"rendered":"http:\/\/blogs.hoy.es\/migas-canas\/?p=404"},"modified":"2014-03-19T08:41:54","modified_gmt":"2014-03-19T07:41:54","slug":"es-usted-el-del-periodico","status":"publish","type":"post","link":"https:\/\/blogs.hoy.es\/migas-canas\/2014\/03\/19\/es-usted-el-del-periodico\/","title":{"rendered":"\u00bfES USTED EL DEL PERI\u00d3DICO?"},"content":{"rendered":"<p><strong><a href=\"\/migas-canas\/wp-content\/uploads\/sites\/8\/2014\/03\/BALDOSAS1.jpg\"><img loading=\"lazy\" class=\"aligncenter size-medium wp-image-411\" title=\"BALDOSAS\" src=\"\/migas-canas\/wp-content\/uploads\/sites\/8\/2014\/03\/BALDOSAS1.jpg\" alt=\"\" width=\"225\" height=\"300\" srcset=\"https:\/\/static-blogs.hoy.es\/wp-content\/uploads\/sites\/8\/2014\/03\/BALDOSAS1.jpg 1536w, https:\/\/static-blogs.hoy.es\/wp-content\/uploads\/sites\/8\/2014\/03\/BALDOSAS1-225x300.jpg 225w, https:\/\/static-blogs.hoy.es\/wp-content\/uploads\/sites\/8\/2014\/03\/BALDOSAS1-768x1024.jpg 768w\" sizes=\"(max-width: 225px) 100vw, 225px\" \/><\/a>Son\u00f3 el tel\u00e9fono con un n\u00famero que no ten\u00eda registrado<\/strong>, era un se\u00f1or que despu\u00e9s de presentarse como lector del peri\u00f3dico me dijo: \u201cya que escribe de sus paseos por Badajoz le invito a que de una vuelta por la<strong> Avenida Pereda Pila, frente a los Maristas<\/strong>, para que escriba sobre las baldosas,la mayor\u00eda est\u00e1n sueltas, cuando pisas parece que vas andando por encima de un piano. Otro se\u00f1or me paro po<strong>r Dami\u00e1n Tellez de la Fuente<\/strong> para decirme que escribiera sobre la poca visibilidad que ten\u00eda la Avenida por la frondosidad de los \u00e1rboles.<strong>En Condes de Barcelona una se\u00f1ora me pregunto: \u00bfusted es el del peri\u00f3dico?<\/strong> Antes de contestar que no, que solo era un simple colaborador, me dijo: \u201cporque no escribe en el HOY que los dos parques que han montado en el Paseo para los peque\u00f1os son insuficientes para tanto ni\u00f1o como hay en la zona\u201d, mientras tanto yo pensaba en los barrios de Badajoz que no tienen ni un solo columpio. Un se\u00f1or mayor, en la avenida <strong>Mar\u00eda Auxiliadora, me pregunto si era el cronista del barrio y de Badajoz.<\/strong> Ser\u00e1 que tengo barba igual que Alberto Gonzalez aunque no fumo en pipa. Otro me llamo la atenci\u00f3n cuando atravesaba por el c\u00e9sped. &#8220;Usted que escribe en el peri\u00f3dico no deber\u00eda pasar por ah\u00ed, debe dar ejemplo&#8221;<a href=\"\/migas-canas\/wp-content\/uploads\/sites\/8\/2014\/03\/baldosas-7.jpg\"><img loading=\"lazy\" class=\"alignright size-medium wp-image-413\" title=\"baldosas 7\" src=\"\/migas-canas\/wp-content\/uploads\/sites\/8\/2014\/03\/baldosas-7.jpg\" alt=\"\" width=\"225\" height=\"300\" srcset=\"https:\/\/static-blogs.hoy.es\/wp-content\/uploads\/sites\/8\/2014\/03\/baldosas-7.jpg 1536w, https:\/\/static-blogs.hoy.es\/wp-content\/uploads\/sites\/8\/2014\/03\/baldosas-7-225x300.jpg 225w, https:\/\/static-blogs.hoy.es\/wp-content\/uploads\/sites\/8\/2014\/03\/baldosas-7-768x1024.jpg 768w\" sizes=\"(max-width: 225px) 100vw, 225px\" \/><\/a><\/p>\n<p><strong>El peri\u00f3dico es como el conseguidor de causas perdidas<\/strong>. El \u00faltimo grito reivindicativo del que no ha conseguido nada en las instituciones donde corresponde. Es como el Diario Oficial de Extremadura del pueblo sin la prosa aburrida y r\u00edgida de lo oficial. Lo que dice el peri\u00f3dico tiene muchas posibilidades de solucionarse.<\/p>\n<p><strong>Me hablan de baldosas, de fuentes, de parques como si yo fuera el columnista de obras y jardines, como si fuera el Antonio Avila de este Plaza Alta<\/strong>. Aunque tengo que reconocer que me gusta que me llamen y me cuente cosas tambi\u00e9n <strong>me gustar\u00eda que me llamaran para hablarme de tiendas, de gentes, de bares, de an\u00e9cdotas, de cosas del Badajoz actual sobre todo del antiguo.<\/strong> No soy capaz de sacar punta a unas baldosas en movimiento sobre todo ahora que muchas esconden algo tan poco po\u00e9tica como el dinero. Nunca, antes, hab\u00eda tocado el tema de los parques y obras,lo hacen otros mucho mejor que yo, pero ah\u00ed queda dicho por si tiene la misma repercusi\u00f3n que aquella carta al director que escribi\u00f3 una ortop\u00e9dica y al d\u00eda siguiente fue a visitarla el Consejero. Esta plaza Alta la escribo desde <a href=\"\/migas-canas\/wp-content\/uploads\/sites\/8\/2014\/03\/BALDOSAS-21.jpg\"><img loading=\"lazy\" class=\"alignleft size-medium wp-image-409\" title=\"BALDOSAS 2\" src=\"\/migas-canas\/wp-content\/uploads\/sites\/8\/2014\/03\/BALDOSAS-21.jpg\" alt=\"\" width=\"300\" height=\"225\" srcset=\"https:\/\/static-blogs.hoy.es\/wp-content\/uploads\/sites\/8\/2014\/03\/BALDOSAS-21.jpg 2048w, https:\/\/static-blogs.hoy.es\/wp-content\/uploads\/sites\/8\/2014\/03\/BALDOSAS-21-300x225.jpg 300w, https:\/\/static-blogs.hoy.es\/wp-content\/uploads\/sites\/8\/2014\/03\/BALDOSAS-21-768x576.jpg 768w, https:\/\/static-blogs.hoy.es\/wp-content\/uploads\/sites\/8\/2014\/03\/BALDOSAS-21-1024x768.jpg 1024w\" sizes=\"(max-width: 300px) 100vw, 300px\" \/><\/a>agradecimiento a todos aquellos que me han llamado o parado por la calle con ese\u201custed es el del peri\u00f3dico\u201d.<\/p>\n<p><strong>Por cierto,di el paseo por Pereda Pila, y cuando bailaba encima de las baldosas vi el rinc\u00f3n donde estaba la discoteca Fashion y el pub Welinton. Por mucho que investigue, escriba, estudie y lea uno no puede olvidar nunca su puntito macarra.<\/strong><\/p>\n<!-- AddThis Advanced Settings generic via filter on the_content --><!-- AddThis Share Buttons generic via filter on the_content -->","protected":false},"excerpt":{"rendered":"<p>Son\u00f3 el tel\u00e9fono con un n\u00famero que no ten\u00eda registrado, era un se\u00f1or que despu\u00e9s de presentarse como lector del peri\u00f3dico me dijo: \u201cya que escribe de sus paseos por Badajoz le invito a que de una vuelta por la Avenida Pereda Pila, frente a los Maristas, para que escriba sobre las baldosas,la mayor\u00eda est\u00e1n [&hellip;]<!-- AddThis Advanced Settings generic via filter on get_the_excerpt --><!-- AddThis Share Buttons generic via filter on get_the_excerpt --><\/p>\n","protected":false},"author":10,"featured_media":0,"comment_status":"open","ping_status":"closed","sticky":false,"template":"","format":"standard","meta":[],"categories":[2],"tags":[27,61,90,104,106,287,351,437,691,821,1087],"_links":{"self":[{"href":"https:\/\/blogs.hoy.es\/migas-canas\/wp-json\/wp\/v2\/posts\/404"}],"collection":[{"href":"https:\/\/blogs.hoy.es\/migas-canas\/wp-json\/wp\/v2\/posts"}],"about":[{"href":"https:\/\/blogs.hoy.es\/migas-canas\/wp-json\/wp\/v2\/types\/post"}],"author":[{"embeddable":true,"href":"https:\/\/blogs.hoy.es\/migas-canas\/wp-json\/wp\/v2\/users\/10"}],"replies":[{"embeddable":true,"href":"https:\/\/blogs.hoy.es\/migas-canas\/wp-json\/wp\/v2\/comments?post=404"}],"version-history":[{"count":0,"href":"https:\/\/blogs.hoy.es\/migas-canas\/wp-json\/wp\/v2\/posts\/404\/revisions"}],"wp:attachment":[{"href":"https:\/\/blogs.hoy.es\/migas-canas\/wp-json\/wp\/v2\/media?parent=404"}],"wp:term":[{"taxonomy":"category","embeddable":true,"href":"https:\/\/blogs.hoy.es\/migas-canas\/wp-json\/wp\/v2\/categories?post=404"},{"taxonomy":"post_tag","embeddable":true,"href":"https:\/\/blogs.hoy.es\/migas-canas\/wp-json\/wp\/v2\/tags?post=404"}],"curies":[{"name":"wp","href":"https:\/\/api.w.org\/{rel}","templated":true}]}}