{"id":42,"date":"2011-03-31T08:05:00","date_gmt":"2011-03-31T08:05:00","guid":{"rendered":"http:\/\/blogs.hoy.es\/migas-canas\/?p=42"},"modified":"2011-03-31T08:05:00","modified_gmt":"2011-03-31T08:05:00","slug":"bicicletas-alquiler","status":"publish","type":"post","link":"https:\/\/blogs.hoy.es\/migas-canas\/2011\/03\/31\/bicicletas-alquiler\/","title":{"rendered":"Bicicletas de alquiler"},"content":{"rendered":"<p>En las tardes de sol, la avenida de Elvas, en Badajoz, se convierte en un paseo de sudor y de color. Caminantes mayores que llevan el paso marcado por su m\u00e9dico de cabecera, corredores y ciclistas, con vistosos maillots, se desplazan por las anchas aceras. En los laterales y en el centro de la avenida, \u00e1rboles y otras plantas absorben el anh\u00eddrido carb\u00f3nico de coches con matr\u00edculas espa\u00f1olas o portuguesas. Me siento extra\u00f1o al ser una de las pocas personas que utiliza bicicleta de alquiler. No s\u00e9 el porqu\u00e9 no se usan. No hay que buscar un sitio en casa para ellas, ni arreglar los pinchazos y solo cuestan un euro al mes. En Sevilla, j\u00f3venes con mochilas, mujeres con faldas, hombres con trajes pedalean por la ciudad sin necesidad de tocar el timbre a peatones despistado que desconocen el uso del carril bici. De regreso, en las tardes de luna, se ven unos conmovedores atardeceres. Por las noches, en &#8216;feisbu&#8217; (Facebook), \u00c1ngela Murillo, una periodista de HOY, cuelga fotograf\u00edas con im\u00e1genes que alteran el \u00e1nimo y llegan a los sentimientos de los que se emocionan con lo sublime de lugares y momentos por donde hemos pasado, horas antes, decenas de deportistas populares.<br \/>\n<IMG src=\"\/migas-canas\/wp-content\/uploads\/sites\/8\" id=\"img_0\" class=\"imgcen\"><\/p>\n<!-- AddThis Advanced Settings generic via filter on the_content --><!-- AddThis Share Buttons generic via filter on the_content -->","protected":false},"excerpt":{"rendered":"<p>En las tardes de sol, la avenida de Elvas, en Badajoz, se convierte en un paseo de sudor y de color. Caminantes mayores que llevan el paso marcado por su m\u00e9dico de cabecera, corredores y ciclistas, con vistosos maillots, se desplazan por las anchas aceras. En los laterales y en el centro de la avenida, [&hellip;]<!-- AddThis Advanced Settings generic via filter on get_the_excerpt --><!-- AddThis Share Buttons generic via filter on get_the_excerpt --><\/p>\n","protected":false},"author":10,"featured_media":0,"comment_status":"open","ping_status":"closed","sticky":false,"template":"","format":"standard","meta":[],"categories":[4],"tags":[],"_links":{"self":[{"href":"https:\/\/blogs.hoy.es\/migas-canas\/wp-json\/wp\/v2\/posts\/42"}],"collection":[{"href":"https:\/\/blogs.hoy.es\/migas-canas\/wp-json\/wp\/v2\/posts"}],"about":[{"href":"https:\/\/blogs.hoy.es\/migas-canas\/wp-json\/wp\/v2\/types\/post"}],"author":[{"embeddable":true,"href":"https:\/\/blogs.hoy.es\/migas-canas\/wp-json\/wp\/v2\/users\/10"}],"replies":[{"embeddable":true,"href":"https:\/\/blogs.hoy.es\/migas-canas\/wp-json\/wp\/v2\/comments?post=42"}],"version-history":[{"count":0,"href":"https:\/\/blogs.hoy.es\/migas-canas\/wp-json\/wp\/v2\/posts\/42\/revisions"}],"wp:attachment":[{"href":"https:\/\/blogs.hoy.es\/migas-canas\/wp-json\/wp\/v2\/media?parent=42"}],"wp:term":[{"taxonomy":"category","embeddable":true,"href":"https:\/\/blogs.hoy.es\/migas-canas\/wp-json\/wp\/v2\/categories?post=42"},{"taxonomy":"post_tag","embeddable":true,"href":"https:\/\/blogs.hoy.es\/migas-canas\/wp-json\/wp\/v2\/tags?post=42"}],"curies":[{"name":"wp","href":"https:\/\/api.w.org\/{rel}","templated":true}]}}