{"id":420,"date":"2014-04-02T08:09:47","date_gmt":"2014-04-02T07:09:47","guid":{"rendered":"http:\/\/blogs.hoy.es\/migas-canas\/?p=420"},"modified":"2014-04-02T08:09:47","modified_gmt":"2014-04-02T07:09:47","slug":"domingo-de-maraton","status":"publish","type":"post","link":"https:\/\/blogs.hoy.es\/migas-canas\/2014\/04\/02\/domingo-de-maraton\/","title":{"rendered":"DOMINGO DE MARAT\u00d3N"},"content":{"rendered":"<div id=\"attachment_427\" style=\"width: 310px\" class=\"wp-caption aligncenter\"><a href=\"\/migas-canas\/wp-content\/uploads\/sites\/8\/2014\/04\/maraton-diego3.jpg\"><img aria-describedby=\"caption-attachment-427\" loading=\"lazy\" class=\"size-medium wp-image-427\" title=\"maraton diego\" src=\"\/migas-canas\/wp-content\/uploads\/sites\/8\/2014\/04\/maraton-diego3.jpg\" alt=\"jorge fueyo y \u00c1ngel\" width=\"300\" height=\"225\" srcset=\"https:\/\/static-blogs.hoy.es\/wp-content\/uploads\/sites\/8\/2014\/04\/maraton-diego3.jpg 2048w, https:\/\/static-blogs.hoy.es\/wp-content\/uploads\/sites\/8\/2014\/04\/maraton-diego3-300x225.jpg 300w, https:\/\/static-blogs.hoy.es\/wp-content\/uploads\/sites\/8\/2014\/04\/maraton-diego3-768x576.jpg 768w, https:\/\/static-blogs.hoy.es\/wp-content\/uploads\/sites\/8\/2014\/04\/maraton-diego3-1024x768.jpg 1024w\" sizes=\"(max-width: 300px) 100vw, 300px\" \/><\/a><p id=\"caption-attachment-427\" class=\"wp-caption-text\">Jorge Fueyo y \u00c1ngel<\/p><\/div>\n<p><strong>Los domingos en Badajoz son d\u00edas distintos. D\u00edas que rompen con la rutina de ruidos, coches y prisas<\/strong>. A los que nos gusta madrugar en festivos podemos disfrutar de una ciudad limpia de humos, respirar el aire fresco en silencio, con sosiego. Sin embargo, el 23M fue un domingo diferente, la ciudad estaba alborotada, hab\u00eda oposiciones del SES, era la fiesta del casco antiguo y se corr\u00eda la marat\u00f3n. Me enter\u00e9 de la carrera cuando, son\u00f3 el \u201cwuasa\u201d de la familia.<strong> Jorge<\/strong> participaba. Fui a la carrera para apoyarlo,porque a un cu\u00f1ado no solo se le quiere por navidad.<\/p>\n<p><a href=\"\/migas-canas\/wp-content\/uploads\/sites\/8\/2014\/04\/maraton-llegada.jpg\"><img loading=\"lazy\" class=\"alignleft size-medium wp-image-429\" title=\"maraton llegada\" src=\"\/migas-canas\/wp-content\/uploads\/sites\/8\/2014\/04\/maraton-llegada.jpg\" alt=\"\" width=\"300\" height=\"225\" srcset=\"https:\/\/static-blogs.hoy.es\/wp-content\/uploads\/sites\/8\/2014\/04\/maraton-llegada.jpg 2048w, https:\/\/static-blogs.hoy.es\/wp-content\/uploads\/sites\/8\/2014\/04\/maraton-llegada-300x225.jpg 300w, https:\/\/static-blogs.hoy.es\/wp-content\/uploads\/sites\/8\/2014\/04\/maraton-llegada-768x576.jpg 768w, https:\/\/static-blogs.hoy.es\/wp-content\/uploads\/sites\/8\/2014\/04\/maraton-llegada-1024x768.jpg 1024w\" sizes=\"(max-width: 300px) 100vw, 300px\" \/><\/a>Fui andando hasta la salida en el paseo fluvial sorteando coches de municipales que prohib\u00edan el paso de veh\u00edculos. No se explicar el sentimiento de claustrofobia que me produce conductores con caras descompuestas tocando el claxon detr\u00e1s de una valla. Fui a la cabecera del puente viejo, por el camino me encontr\u00e9 con<strong> Lucas,<\/strong> el bombero, antes tambi\u00e9n corr\u00eda, no a todos los bomberos les gusta escalar. Por all\u00ed empezaron a pasar sudorosos maratonianos. En Puerta Palma me encontr\u00e9 a mi compa\u00f1er<strong>a Diana<\/strong>. Correr no solo crea adici\u00f3n para los que corren tambi\u00e9n para los que miran, Diana quer\u00eda ponerse las zapatillas esa misma tarde. Fuimos a la meta. Los conductores segu\u00edan encerrados en sus coches. Debajo del cartel de llegada, (la carrera eran dos vueltas), paso un corredor descalzo, otro vestido de bombero, la primera mujer que luego ganar\u00eda y que hacia 6 meses hab\u00eda sido madre. Mira Diana ese que corre por el centro es Subiran tiene un blog en el HOY sobre maratones. Ese otro es <strong>Victor Piri<\/strong>z,tiene otro blog, es la primera vez que corre uno entero .Aquel es<strong> Perozo<\/strong>,se vino a vivir a Badajoz desde Llerena siempre piso en llano y es campeon de Espa\u00f1a de Ultra Trail,119 km. En monta\u00f1a. Por meta paso<strong> Carmona Mendez<\/strong> el abogado que fue arbitro internacional, un minusv\u00e1lido en sillas de ruedas, luego otro,m\u00e1s mujeres, el presidente de la aacb, muchos del club de marat\u00f3n,Rangel con el que jugaba al ajedrez en el instituto y ahora es un alto mando del ejercito <strong>Diego Rodr\u00edguez<\/strong> el jefe de los enfermero de Valdepasillas con su amigo<strong> Juan de Dios<\/strong>, <strong>Jos\u00e9 un alba\u00f1il<\/strong> que ahora esta en paro, mi cu\u00f1ado llego con \u00c1ngel frescos como una lechuga, paso una que conozco del facebok, y la vecina del 5\u00ba. Badajoz se hab\u00eda echado a la calle en zapatillas.<strong> Pacop<\/strong>i fotografiaba a corredores para que luego se busquen en el HOY digital,mientras los conductores segu\u00edan con la misma cara de palo en el interior de sus coches, detr\u00e1s de las vallas, como si se hubiesen quedados encerrados para siempre dentro de sus m\u00e1quinas.<a href=\"\/migas-canas\/wp-content\/uploads\/sites\/8\/2014\/04\/IMG8253.jpg\"><img loading=\"lazy\" class=\"alignright size-medium wp-image-430\" title=\"IMG825\" src=\"\/migas-canas\/wp-content\/uploads\/sites\/8\/2014\/04\/IMG8253.jpg\" alt=\"\" width=\"300\" height=\"225\" srcset=\"https:\/\/static-blogs.hoy.es\/wp-content\/uploads\/sites\/8\/2014\/04\/IMG8253.jpg 2048w, https:\/\/static-blogs.hoy.es\/wp-content\/uploads\/sites\/8\/2014\/04\/IMG8253-300x225.jpg 300w, https:\/\/static-blogs.hoy.es\/wp-content\/uploads\/sites\/8\/2014\/04\/IMG8253-768x576.jpg 768w, https:\/\/static-blogs.hoy.es\/wp-content\/uploads\/sites\/8\/2014\/04\/IMG8253-1024x768.jpg 1024w\" sizes=\"(max-width: 300px) 100vw, 300px\" \/><\/a><\/p>\n<!-- AddThis Advanced Settings generic via filter on the_content --><!-- AddThis Share Buttons generic via filter on the_content -->","protected":false},"excerpt":{"rendered":"<p>Los domingos en Badajoz son d\u00edas distintos. D\u00edas que rompen con la rutina de ruidos, coches y prisas. A los que nos gusta madrugar en festivos podemos disfrutar de una ciudad limpia de humos, respirar el aire fresco en silencio, con sosiego. Sin embargo, el 23M fue un domingo diferente, la ciudad estaba alborotada, hab\u00eda [&hellip;]<!-- AddThis Advanced Settings generic via filter on get_the_excerpt --><!-- AddThis Share Buttons generic via filter on get_the_excerpt --><\/p>\n","protected":false},"author":10,"featured_media":0,"comment_status":"open","ping_status":"closed","sticky":false,"template":"","format":"standard","meta":[],"categories":[2],"tags":[50,216,340,561,564,656,684,786,964,987,1040,1073,1091],"_links":{"self":[{"href":"https:\/\/blogs.hoy.es\/migas-canas\/wp-json\/wp\/v2\/posts\/420"}],"collection":[{"href":"https:\/\/blogs.hoy.es\/migas-canas\/wp-json\/wp\/v2\/posts"}],"about":[{"href":"https:\/\/blogs.hoy.es\/migas-canas\/wp-json\/wp\/v2\/types\/post"}],"author":[{"embeddable":true,"href":"https:\/\/blogs.hoy.es\/migas-canas\/wp-json\/wp\/v2\/users\/10"}],"replies":[{"embeddable":true,"href":"https:\/\/blogs.hoy.es\/migas-canas\/wp-json\/wp\/v2\/comments?post=420"}],"version-history":[{"count":0,"href":"https:\/\/blogs.hoy.es\/migas-canas\/wp-json\/wp\/v2\/posts\/420\/revisions"}],"wp:attachment":[{"href":"https:\/\/blogs.hoy.es\/migas-canas\/wp-json\/wp\/v2\/media?parent=420"}],"wp:term":[{"taxonomy":"category","embeddable":true,"href":"https:\/\/blogs.hoy.es\/migas-canas\/wp-json\/wp\/v2\/categories?post=420"},{"taxonomy":"post_tag","embeddable":true,"href":"https:\/\/blogs.hoy.es\/migas-canas\/wp-json\/wp\/v2\/tags?post=420"}],"curies":[{"name":"wp","href":"https:\/\/api.w.org\/{rel}","templated":true}]}}