{"id":43,"date":"2011-04-26T08:31:00","date_gmt":"2011-04-26T08:31:00","guid":{"rendered":"http:\/\/blogs.hoy.es\/migas-canas\/?p=43"},"modified":"2011-04-26T08:31:00","modified_gmt":"2011-04-26T08:31:00","slug":"mesi-es-portugues","status":"publish","type":"post","link":"https:\/\/blogs.hoy.es\/migas-canas\/2011\/04\/26\/mesi-es-portugues\/","title":{"rendered":"MESI ES PORTUGU\u00c9S"},"content":{"rendered":"<p>En la calle suenan bocinas, ondean banderas de Espa\u00f1a y banderas blancas y el olor del incienso de Semana Santa queda solapado por el de la p\u00f3lvora de petardos. Todo esto me pasa por vivir cerca de una fuente. En la televisi\u00f3n, Juan Cruz, al que siempre le o\u00ed hablar de Garc\u00eda M\u00e1rquez y Machado, habla de Iniesta y de Ronaldo. El primer d\u00eda de Semana Santa no preocupa si la lluvia dejar\u00e1 salir a la Soledad, patrona de Badajoz; todo gira en torno al f\u00fatbol. Por la ma\u00f1ana temprano, y por no pisar en la calle gorros, banderas y bufandas blancas que no sobrevivieron a la guerra del triunfo nocturno, voy a desayunar a un bar portugu\u00e9s situado en la frontera de Caya. El due\u00f1o; nervioso, peque\u00f1o y enjuto, apoyado en la barra, habla con otros portugueses. En el educado tono del idioma vecino distingo palabras de entusiasmo: Benfica, Sporting, Ronaldo y Mourinho. De repente, en la explanada, aparca un autob\u00fas y el bar se llena de personas mayores. El enjuto camarero se transforma en el Messi de la barra; hace &#8216;vicas&#8217; a dos manos, sirve &#8216;bifanas&#8217;, regatea a jubilados. Con una mano sirve, con la otra cobra y los pies le bailan de la cafetera al tostador. Vuelvo a casa convencido de que es imposible eludir el f\u00fatbol (cuando no puedes con el enemigo \u00fanete a \u00e9l), y me pongo a escribir esta carta con el sabor pastoso del tabaco mezclado con el desayuno. Ya no me acordaba del placer de desayunar en Espa\u00f1a, sin humo.<\/p>\n<!-- AddThis Advanced Settings generic via filter on the_content --><!-- AddThis Share Buttons generic via filter on the_content -->","protected":false},"excerpt":{"rendered":"<p>En la calle suenan bocinas, ondean banderas de Espa\u00f1a y banderas blancas y el olor del incienso de Semana Santa queda solapado por el de la p\u00f3lvora de petardos. Todo esto me pasa por vivir cerca de una fuente. En la televisi\u00f3n, Juan Cruz, al que siempre le o\u00ed hablar de Garc\u00eda M\u00e1rquez y Machado, [&hellip;]<!-- AddThis Advanced Settings generic via filter on get_the_excerpt --><!-- AddThis Share Buttons generic via filter on get_the_excerpt --><\/p>\n","protected":false},"author":10,"featured_media":0,"comment_status":"open","ping_status":"closed","sticky":false,"template":"","format":"standard","meta":[],"categories":[4],"tags":[],"_links":{"self":[{"href":"https:\/\/blogs.hoy.es\/migas-canas\/wp-json\/wp\/v2\/posts\/43"}],"collection":[{"href":"https:\/\/blogs.hoy.es\/migas-canas\/wp-json\/wp\/v2\/posts"}],"about":[{"href":"https:\/\/blogs.hoy.es\/migas-canas\/wp-json\/wp\/v2\/types\/post"}],"author":[{"embeddable":true,"href":"https:\/\/blogs.hoy.es\/migas-canas\/wp-json\/wp\/v2\/users\/10"}],"replies":[{"embeddable":true,"href":"https:\/\/blogs.hoy.es\/migas-canas\/wp-json\/wp\/v2\/comments?post=43"}],"version-history":[{"count":0,"href":"https:\/\/blogs.hoy.es\/migas-canas\/wp-json\/wp\/v2\/posts\/43\/revisions"}],"wp:attachment":[{"href":"https:\/\/blogs.hoy.es\/migas-canas\/wp-json\/wp\/v2\/media?parent=43"}],"wp:term":[{"taxonomy":"category","embeddable":true,"href":"https:\/\/blogs.hoy.es\/migas-canas\/wp-json\/wp\/v2\/categories?post=43"},{"taxonomy":"post_tag","embeddable":true,"href":"https:\/\/blogs.hoy.es\/migas-canas\/wp-json\/wp\/v2\/tags?post=43"}],"curies":[{"name":"wp","href":"https:\/\/api.w.org\/{rel}","templated":true}]}}